{"id":2664,"date":"2011-10-27T21:14:33","date_gmt":"2011-10-27T19:14:33","guid":{"rendered":"http:\/\/www.juhe.ee\/foto\/?p=2664"},"modified":"2017-03-15T09:21:48","modified_gmt":"2017-03-15T07:21:48","slug":"pariis","status":"publish","type":"post","link":"https:\/\/www.juhe.ee\/foto\/reis\/pariis\/","title":{"rendered":"Pariis"},"content":{"rendered":"<p><!-- default-view.php -->\n<div\n\tclass=\"ngg-galleryoverview default-view\n\t ngg-ajax-pagination-none\t\"\n\tid=\"ngg-gallery-32e405b28351d1950395b5331f8c8452-1\"\n\tdata-nextgen-gallery-id=\"22\"\n\tdata-gallery-id=\"22\"\n\t\tdata-gallery-name=\"Pariis\"\n\t>\n\n\t\t<!-- Thumbnails -->\n\t\t\t\t<div id=\"ngg-image-0\" class=\"ngg-gallery-thumbnail-box\n\t\t\t\t\t\t\t\t\t\t\t\"\n\t\t\t>\n\t\t\t\t\t\t<div class=\"ngg-gallery-thumbnail\">\n\t\t<a href=\"https:\/\/www.juhe.ee\/foto\/wp-content\/gallery\/pariis\/001.jpg?t=1489562510\"\n\t\t\ttitle=\"\"\n\t\t\tdata-src=\"https:\/\/www.juhe.ee\/foto\/wp-content\/gallery\/pariis\/001.jpg?t=1489562510\"\n\t\t\tdata-thumbnail=\"https:\/\/www.juhe.ee\/foto\/wp-content\/gallery\/pariis\/thumbs\/thumbs_001.jpg?t=1489562510\"\n\t\t\tdata-image-id=\"1179\"\n\t\t\tdata-image-name=\"001.jpg\"\n\t\t\tdata-title=\"Cath\u00e9drale Notre Dame de Paris. Nullpunkt.\"\n\t\t\tdata-description=\"\"\n\t\t\tdata-image-slug=\"cathedrale-notre-dame-de-paris-nullpunkt\"\n\t\t\t\t\t\t\t\t\t\t\t\t\t\t\t\t\t\t\t\tclass='thickbox' rel='32e405b28351d1950395b5331f8c8452'>\n\t\t\t\t\t\t\t\t<img\n\t\t\t\t\ttitle=\"Cath\u00e9drale Notre Dame de Paris. Nullpunkt.\"\n\t\t\t\t\talt=\"Cath\u00e9drale Notre Dame de Paris. Nullpunkt.\"\n\t\t\t\t\tsrc=\"https:\/\/www.juhe.ee\/foto\/wp-content\/gallery\/pariis\/thumbs\/thumbs_001.jpg?t=1489562510\"\n\t\t\t\t\twidth=\"280\"\n\t\t\t\t\theight=\"187\"\n\t\t\t\t\tstyle=\"max-width:100%;\"\n\t\t\t\t\/>\n\t\t\t<\/a>\n\t\t<\/div>\n\t\t\t\t\t\t\t<\/div>\n\t\t\t\n\t\t\t\t<div id=\"ngg-image-1\" class=\"ngg-gallery-thumbnail-box\n\t\t\t\t\t\t\t\t\t\t\t\"\n\t\t\t>\n\t\t\t\t\t\t<div class=\"ngg-gallery-thumbnail\">\n\t\t<a href=\"https:\/\/www.juhe.ee\/foto\/wp-content\/gallery\/pariis\/002.jpg?t=1489504266\"\n\t\t\ttitle=\"\"\n\t\t\tdata-src=\"https:\/\/www.juhe.ee\/foto\/wp-content\/gallery\/pariis\/002.jpg?t=1489504266\"\n\t\t\tdata-thumbnail=\"https:\/\/www.juhe.ee\/foto\/wp-content\/gallery\/pariis\/thumbs\/thumbs_002.jpg?t=1489504266\"\n\t\t\tdata-image-id=\"1180\"\n\t\t\tdata-image-name=\"002.jpg\"\n\t\t\tdata-title=\"Cath\u00e9drale Notre Dame de Paris. Ja bukinistid.\"\n\t\t\tdata-description=\"\"\n\t\t\tdata-image-slug=\"002-7\"\n\t\t\t\t\t\t\t\t\t\t\t\t\t\t\t\t\t\t\t\tclass='thickbox' rel='32e405b28351d1950395b5331f8c8452'>\n\t\t\t\t\t\t\t\t<img\n\t\t\t\t\ttitle=\"Cath\u00e9drale Notre Dame de Paris. Ja bukinistid.\"\n\t\t\t\t\talt=\"Cath\u00e9drale Notre Dame de Paris. Ja bukinistid.\"\n\t\t\t\t\tsrc=\"https:\/\/www.juhe.ee\/foto\/wp-content\/gallery\/pariis\/thumbs\/thumbs_002.jpg?t=1489504266\"\n\t\t\t\t\twidth=\"280\"\n\t\t\t\t\theight=\"187\"\n\t\t\t\t\tstyle=\"max-width:100%;\"\n\t\t\t\t\/>\n\t\t\t<\/a>\n\t\t<\/div>\n\t\t\t\t\t\t\t<\/div>\n\t\t\t\n\t\t\t\t<div id=\"ngg-image-2\" class=\"ngg-gallery-thumbnail-box\n\t\t\t\t\t\t\t\t\t\t\t\"\n\t\t\t>\n\t\t\t\t\t\t<div class=\"ngg-gallery-thumbnail\">\n\t\t<a href=\"https:\/\/www.juhe.ee\/foto\/wp-content\/gallery\/pariis\/003.jpg?t=1489504268\"\n\t\t\ttitle=\"\"\n\t\t\tdata-src=\"https:\/\/www.juhe.ee\/foto\/wp-content\/gallery\/pariis\/003.jpg?t=1489504268\"\n\t\t\tdata-thumbnail=\"https:\/\/www.juhe.ee\/foto\/wp-content\/gallery\/pariis\/thumbs\/thumbs_003.jpg?t=1489504268\"\n\t\t\tdata-image-id=\"1181\"\n\t\t\tdata-image-name=\"003.jpg\"\n\t\t\tdata-title=\"Tour Eiffel (320 m). Vist l\u00e4henesime valelt poolt.\"\n\t\t\tdata-description=\"\"\n\t\t\tdata-image-slug=\"003-7\"\n\t\t\t\t\t\t\t\t\t\t\t\t\t\t\t\t\t\t\t\tclass='thickbox' rel='32e405b28351d1950395b5331f8c8452'>\n\t\t\t\t\t\t\t\t<img\n\t\t\t\t\ttitle=\"Tour Eiffel (320 m). Vist l\u00e4henesime valelt poolt.\"\n\t\t\t\t\talt=\"Tour Eiffel (320 m). Vist l\u00e4henesime valelt poolt.\"\n\t\t\t\t\tsrc=\"https:\/\/www.juhe.ee\/foto\/wp-content\/gallery\/pariis\/thumbs\/thumbs_003.jpg?t=1489504268\"\n\t\t\t\t\twidth=\"280\"\n\t\t\t\t\theight=\"187\"\n\t\t\t\t\tstyle=\"max-width:100%;\"\n\t\t\t\t\/>\n\t\t\t<\/a>\n\t\t<\/div>\n\t\t\t\t\t\t\t<\/div>\n\t\t\t\n\t\t\t\t<div id=\"ngg-image-3\" class=\"ngg-gallery-thumbnail-box\n\t\t\t\t\t\t\t\t\t\t\t\"\n\t\t\t>\n\t\t\t\t\t\t<div class=\"ngg-gallery-thumbnail\">\n\t\t<a href=\"https:\/\/www.juhe.ee\/foto\/wp-content\/gallery\/pariis\/004.jpg?t=1489504270\"\n\t\t\ttitle=\"\"\n\t\t\tdata-src=\"https:\/\/www.juhe.ee\/foto\/wp-content\/gallery\/pariis\/004.jpg?t=1489504270\"\n\t\t\tdata-thumbnail=\"https:\/\/www.juhe.ee\/foto\/wp-content\/gallery\/pariis\/thumbs\/thumbs_004.jpg?t=1489504270\"\n\t\t\tdata-image-id=\"1182\"\n\t\t\tdata-image-name=\"004.jpg\"\n\t\t\tdata-title=\"Tour Eiffel (320 m). Nii nad v\u00e4rvisid.\"\n\t\t\tdata-description=\"\"\n\t\t\tdata-image-slug=\"004-7\"\n\t\t\t\t\t\t\t\t\t\t\t\t\t\t\t\t\t\t\t\tclass='thickbox' rel='32e405b28351d1950395b5331f8c8452'>\n\t\t\t\t\t\t\t\t<img\n\t\t\t\t\ttitle=\"Tour Eiffel (320 m). Nii nad v\u00e4rvisid.\"\n\t\t\t\t\talt=\"Tour Eiffel (320 m). Nii nad v\u00e4rvisid.\"\n\t\t\t\t\tsrc=\"https:\/\/www.juhe.ee\/foto\/wp-content\/gallery\/pariis\/thumbs\/thumbs_004.jpg?t=1489504270\"\n\t\t\t\t\twidth=\"280\"\n\t\t\t\t\theight=\"187\"\n\t\t\t\t\tstyle=\"max-width:100%;\"\n\t\t\t\t\/>\n\t\t\t<\/a>\n\t\t<\/div>\n\t\t\t\t\t\t\t<\/div>\n\t\t\t\n\t\t\t\t<div id=\"ngg-image-4\" class=\"ngg-gallery-thumbnail-box\n\t\t\t\t\t\t\t\t\t\t\t\"\n\t\t\t>\n\t\t\t\t\t\t<div class=\"ngg-gallery-thumbnail\">\n\t\t<a href=\"https:\/\/www.juhe.ee\/foto\/wp-content\/gallery\/pariis\/005.jpg?t=1489504272\"\n\t\t\ttitle=\"\"\n\t\t\tdata-src=\"https:\/\/www.juhe.ee\/foto\/wp-content\/gallery\/pariis\/005.jpg?t=1489504272\"\n\t\t\tdata-thumbnail=\"https:\/\/www.juhe.ee\/foto\/wp-content\/gallery\/pariis\/thumbs\/thumbs_005.jpg?t=1489504272\"\n\t\t\tdata-image-id=\"1183\"\n\t\t\tdata-image-name=\"005.jpg\"\n\t\t\tdata-title=\"Tour Eiffel (320 m). Kui kolm jalga on kinni, siis tekib \u00fche ette saba.\"\n\t\t\tdata-description=\"\"\n\t\t\tdata-image-slug=\"005-7\"\n\t\t\t\t\t\t\t\t\t\t\t\t\t\t\t\t\t\t\t\tclass='thickbox' rel='32e405b28351d1950395b5331f8c8452'>\n\t\t\t\t\t\t\t\t<img\n\t\t\t\t\ttitle=\"Tour Eiffel (320 m). Kui kolm jalga on kinni, siis tekib \u00fche ette saba.\"\n\t\t\t\t\talt=\"Tour Eiffel (320 m). Kui kolm jalga on kinni, siis tekib \u00fche ette saba.\"\n\t\t\t\t\tsrc=\"https:\/\/www.juhe.ee\/foto\/wp-content\/gallery\/pariis\/thumbs\/thumbs_005.jpg?t=1489504272\"\n\t\t\t\t\twidth=\"280\"\n\t\t\t\t\theight=\"187\"\n\t\t\t\t\tstyle=\"max-width:100%;\"\n\t\t\t\t\/>\n\t\t\t<\/a>\n\t\t<\/div>\n\t\t\t\t\t\t\t<\/div>\n\t\t\t\n\t\t\t\t<div id=\"ngg-image-5\" class=\"ngg-gallery-thumbnail-box\n\t\t\t\t\t\t\t\t\t\t\t\"\n\t\t\t>\n\t\t\t\t\t\t<div class=\"ngg-gallery-thumbnail\">\n\t\t<a href=\"https:\/\/www.juhe.ee\/foto\/wp-content\/gallery\/pariis\/006.jpg?t=1489504274\"\n\t\t\ttitle=\"\"\n\t\t\tdata-src=\"https:\/\/www.juhe.ee\/foto\/wp-content\/gallery\/pariis\/006.jpg?t=1489504274\"\n\t\t\tdata-thumbnail=\"https:\/\/www.juhe.ee\/foto\/wp-content\/gallery\/pariis\/thumbs\/thumbs_006.jpg?t=1489504274\"\n\t\t\tdata-image-id=\"1184\"\n\t\t\tdata-image-name=\"006.jpg\"\n\t\t\tdata-title=\"Sainte-Chapelle. Teine korrus.\"\n\t\t\tdata-description=\"\"\n\t\t\tdata-image-slug=\"006-6\"\n\t\t\t\t\t\t\t\t\t\t\t\t\t\t\t\t\t\t\t\tclass='thickbox' rel='32e405b28351d1950395b5331f8c8452'>\n\t\t\t\t\t\t\t\t<img\n\t\t\t\t\ttitle=\"Sainte-Chapelle. Teine korrus.\"\n\t\t\t\t\talt=\"Sainte-Chapelle. Teine korrus.\"\n\t\t\t\t\tsrc=\"https:\/\/www.juhe.ee\/foto\/wp-content\/gallery\/pariis\/thumbs\/thumbs_006.jpg?t=1489504274\"\n\t\t\t\t\twidth=\"280\"\n\t\t\t\t\theight=\"187\"\n\t\t\t\t\tstyle=\"max-width:100%;\"\n\t\t\t\t\/>\n\t\t\t<\/a>\n\t\t<\/div>\n\t\t\t\t\t\t\t<\/div>\n\t\t\t\n\t\t\t\t<div id=\"ngg-image-6\" class=\"ngg-gallery-thumbnail-box\n\t\t\t\t\t\t\t\t\t\t\t\"\n\t\t\t>\n\t\t\t\t\t\t<div class=\"ngg-gallery-thumbnail\">\n\t\t<a href=\"https:\/\/www.juhe.ee\/foto\/wp-content\/gallery\/pariis\/007.jpg?t=1489504276\"\n\t\t\ttitle=\"\"\n\t\t\tdata-src=\"https:\/\/www.juhe.ee\/foto\/wp-content\/gallery\/pariis\/007.jpg?t=1489504276\"\n\t\t\tdata-thumbnail=\"https:\/\/www.juhe.ee\/foto\/wp-content\/gallery\/pariis\/thumbs\/thumbs_007.jpg?t=1489504276\"\n\t\t\tdata-image-id=\"1185\"\n\t\t\tdata-image-name=\"007.jpg\"\n\t\t\tdata-title=\"Sainte-Chapelle &amp; Palais de Justice. Kirik keset \u00f5igust. Ja tilluke kuu vaatab pealt.\"\n\t\t\tdata-description=\"\"\n\t\t\tdata-image-slug=\"007-6\"\n\t\t\t\t\t\t\t\t\t\t\t\t\t\t\t\t\t\t\t\tclass='thickbox' rel='32e405b28351d1950395b5331f8c8452'>\n\t\t\t\t\t\t\t\t<img\n\t\t\t\t\ttitle=\"Sainte-Chapelle &amp; Palais de Justice. Kirik keset \u00f5igust. Ja tilluke kuu vaatab pealt.\"\n\t\t\t\t\talt=\"Sainte-Chapelle &amp; Palais de Justice. Kirik keset \u00f5igust. Ja tilluke kuu vaatab pealt.\"\n\t\t\t\t\tsrc=\"https:\/\/www.juhe.ee\/foto\/wp-content\/gallery\/pariis\/thumbs\/thumbs_007.jpg?t=1489504276\"\n\t\t\t\t\twidth=\"280\"\n\t\t\t\t\theight=\"187\"\n\t\t\t\t\tstyle=\"max-width:100%;\"\n\t\t\t\t\/>\n\t\t\t<\/a>\n\t\t<\/div>\n\t\t\t\t\t\t\t<\/div>\n\t\t\t\n\t\t\t\t<div id=\"ngg-image-7\" class=\"ngg-gallery-thumbnail-box\n\t\t\t\t\t\t\t\t\t\t\t\"\n\t\t\t>\n\t\t\t\t\t\t<div class=\"ngg-gallery-thumbnail\">\n\t\t<a href=\"https:\/\/www.juhe.ee\/foto\/wp-content\/gallery\/pariis\/008.jpg?t=1489504278\"\n\t\t\ttitle=\"\"\n\t\t\tdata-src=\"https:\/\/www.juhe.ee\/foto\/wp-content\/gallery\/pariis\/008.jpg?t=1489504278\"\n\t\t\tdata-thumbnail=\"https:\/\/www.juhe.ee\/foto\/wp-content\/gallery\/pariis\/thumbs\/thumbs_008.jpg?t=1489504278\"\n\t\t\tdata-image-id=\"1186\"\n\t\t\tdata-image-name=\"008.jpg\"\n\t\t\tdata-title=\"Panth\u00e9on. Mina ja kauge torn.\"\n\t\t\tdata-description=\"\"\n\t\t\tdata-image-slug=\"008-6\"\n\t\t\t\t\t\t\t\t\t\t\t\t\t\t\t\t\t\t\t\tclass='thickbox' rel='32e405b28351d1950395b5331f8c8452'>\n\t\t\t\t\t\t\t\t<img\n\t\t\t\t\ttitle=\"Panth\u00e9on. Mina ja kauge torn.\"\n\t\t\t\t\talt=\"Panth\u00e9on. Mina ja kauge torn.\"\n\t\t\t\t\tsrc=\"https:\/\/www.juhe.ee\/foto\/wp-content\/gallery\/pariis\/thumbs\/thumbs_008.jpg?t=1489504278\"\n\t\t\t\t\twidth=\"280\"\n\t\t\t\t\theight=\"187\"\n\t\t\t\t\tstyle=\"max-width:100%;\"\n\t\t\t\t\/>\n\t\t\t<\/a>\n\t\t<\/div>\n\t\t\t\t\t\t\t<\/div>\n\t\t\t\n\t\t\t\t<div id=\"ngg-image-8\" class=\"ngg-gallery-thumbnail-box\n\t\t\t\t\t\t\t\t\t\t\t\"\n\t\t\t>\n\t\t\t\t\t\t<div class=\"ngg-gallery-thumbnail\">\n\t\t<a href=\"https:\/\/www.juhe.ee\/foto\/wp-content\/gallery\/pariis\/009.jpg?t=1489504280\"\n\t\t\ttitle=\"\"\n\t\t\tdata-src=\"https:\/\/www.juhe.ee\/foto\/wp-content\/gallery\/pariis\/009.jpg?t=1489504280\"\n\t\t\tdata-thumbnail=\"https:\/\/www.juhe.ee\/foto\/wp-content\/gallery\/pariis\/thumbs\/thumbs_009.jpg?t=1489504280\"\n\t\t\tdata-image-id=\"1187\"\n\t\t\tdata-image-name=\"009.jpg\"\n\t\t\tdata-title=\"Jardin du Luxembourg.\"\n\t\t\tdata-description=\"\"\n\t\t\tdata-image-slug=\"009-6\"\n\t\t\t\t\t\t\t\t\t\t\t\t\t\t\t\t\t\t\t\tclass='thickbox' rel='32e405b28351d1950395b5331f8c8452'>\n\t\t\t\t\t\t\t\t<img\n\t\t\t\t\ttitle=\"Jardin du Luxembourg.\"\n\t\t\t\t\talt=\"Jardin du Luxembourg.\"\n\t\t\t\t\tsrc=\"https:\/\/www.juhe.ee\/foto\/wp-content\/gallery\/pariis\/thumbs\/thumbs_009.jpg?t=1489504280\"\n\t\t\t\t\twidth=\"280\"\n\t\t\t\t\theight=\"187\"\n\t\t\t\t\tstyle=\"max-width:100%;\"\n\t\t\t\t\/>\n\t\t\t<\/a>\n\t\t<\/div>\n\t\t\t\t\t\t\t<\/div>\n\t\t\t\n\t\t\t\t<div id=\"ngg-image-9\" class=\"ngg-gallery-thumbnail-box\n\t\t\t\t\t\t\t\t\t\t\t\"\n\t\t\t>\n\t\t\t\t\t\t<div class=\"ngg-gallery-thumbnail\">\n\t\t<a href=\"https:\/\/www.juhe.ee\/foto\/wp-content\/gallery\/pariis\/010.jpg?t=1489504282\"\n\t\t\ttitle=\"\"\n\t\t\tdata-src=\"https:\/\/www.juhe.ee\/foto\/wp-content\/gallery\/pariis\/010.jpg?t=1489504282\"\n\t\t\tdata-thumbnail=\"https:\/\/www.juhe.ee\/foto\/wp-content\/gallery\/pariis\/thumbs\/thumbs_010.jpg?t=1489504282\"\n\t\t\tdata-image-id=\"1188\"\n\t\t\tdata-image-name=\"010.jpg\"\n\t\t\tdata-title=\"Th\u00e9\u00e2tre de l&#039;Od\u00e9on. Kuidas seletada pilte surnud j\u00e4nesele.\"\n\t\t\tdata-description=\"\"\n\t\t\tdata-image-slug=\"010-6\"\n\t\t\t\t\t\t\t\t\t\t\t\t\t\t\t\t\t\t\t\tclass='thickbox' rel='32e405b28351d1950395b5331f8c8452'>\n\t\t\t\t\t\t\t\t<img\n\t\t\t\t\ttitle=\"Th\u00e9\u00e2tre de l&#039;Od\u00e9on. Kuidas seletada pilte surnud j\u00e4nesele.\"\n\t\t\t\t\talt=\"Th\u00e9\u00e2tre de l&#039;Od\u00e9on. Kuidas seletada pilte surnud j\u00e4nesele.\"\n\t\t\t\t\tsrc=\"https:\/\/www.juhe.ee\/foto\/wp-content\/gallery\/pariis\/thumbs\/thumbs_010.jpg?t=1489504282\"\n\t\t\t\t\twidth=\"280\"\n\t\t\t\t\theight=\"187\"\n\t\t\t\t\tstyle=\"max-width:100%;\"\n\t\t\t\t\/>\n\t\t\t<\/a>\n\t\t<\/div>\n\t\t\t\t\t\t\t<\/div>\n\t\t\t\n\t\t\t\t<div id=\"ngg-image-10\" class=\"ngg-gallery-thumbnail-box\n\t\t\t\t\t\t\t\t\t\t\t\"\n\t\t\t>\n\t\t\t\t\t\t<div class=\"ngg-gallery-thumbnail\">\n\t\t<a href=\"https:\/\/www.juhe.ee\/foto\/wp-content\/gallery\/pariis\/011.jpg?t=1489504284\"\n\t\t\ttitle=\"\"\n\t\t\tdata-src=\"https:\/\/www.juhe.ee\/foto\/wp-content\/gallery\/pariis\/011.jpg?t=1489504284\"\n\t\t\tdata-thumbnail=\"https:\/\/www.juhe.ee\/foto\/wp-content\/gallery\/pariis\/thumbs\/thumbs_011.jpg?t=1489504284\"\n\t\t\tdata-image-id=\"1189\"\n\t\t\tdata-image-name=\"011.jpg\"\n\t\t\tdata-title=\"Les Deux Magots. Pildilt ei paista, aga elu kees.\"\n\t\t\tdata-description=\"\"\n\t\t\tdata-image-slug=\"011-6\"\n\t\t\t\t\t\t\t\t\t\t\t\t\t\t\t\t\t\t\t\tclass='thickbox' rel='32e405b28351d1950395b5331f8c8452'>\n\t\t\t\t\t\t\t\t<img\n\t\t\t\t\ttitle=\"Les Deux Magots. Pildilt ei paista, aga elu kees.\"\n\t\t\t\t\talt=\"Les Deux Magots. Pildilt ei paista, aga elu kees.\"\n\t\t\t\t\tsrc=\"https:\/\/www.juhe.ee\/foto\/wp-content\/gallery\/pariis\/thumbs\/thumbs_011.jpg?t=1489504284\"\n\t\t\t\t\twidth=\"280\"\n\t\t\t\t\theight=\"187\"\n\t\t\t\t\tstyle=\"max-width:100%;\"\n\t\t\t\t\/>\n\t\t\t<\/a>\n\t\t<\/div>\n\t\t\t\t\t\t\t<\/div>\n\t\t\t\n\t\t\t\t<div id=\"ngg-image-11\" class=\"ngg-gallery-thumbnail-box\n\t\t\t\t\t\t\t\t\t\t\t\"\n\t\t\t>\n\t\t\t\t\t\t<div class=\"ngg-gallery-thumbnail\">\n\t\t<a href=\"https:\/\/www.juhe.ee\/foto\/wp-content\/gallery\/pariis\/012.jpg?t=1489504315\"\n\t\t\ttitle=\"\"\n\t\t\tdata-src=\"https:\/\/www.juhe.ee\/foto\/wp-content\/gallery\/pariis\/012.jpg?t=1489504315\"\n\t\t\tdata-thumbnail=\"https:\/\/www.juhe.ee\/foto\/wp-content\/gallery\/pariis\/thumbs\/thumbs_012.jpg?t=1489504315\"\n\t\t\tdata-image-id=\"1190\"\n\t\t\tdata-image-name=\"012.jpg\"\n\t\t\tdata-title=\"Mus\u00e9e d&#039;Orsay. Vaikivad kujud ja kurvad turistid.\"\n\t\t\tdata-description=\"\"\n\t\t\tdata-image-slug=\"012-6\"\n\t\t\t\t\t\t\t\t\t\t\t\t\t\t\t\t\t\t\t\tclass='thickbox' rel='32e405b28351d1950395b5331f8c8452'>\n\t\t\t\t\t\t\t\t<img\n\t\t\t\t\ttitle=\"Mus\u00e9e d&#039;Orsay. Vaikivad kujud ja kurvad turistid.\"\n\t\t\t\t\talt=\"Mus\u00e9e d&#039;Orsay. Vaikivad kujud ja kurvad turistid.\"\n\t\t\t\t\tsrc=\"https:\/\/www.juhe.ee\/foto\/wp-content\/gallery\/pariis\/thumbs\/thumbs_012.jpg?t=1489504315\"\n\t\t\t\t\twidth=\"280\"\n\t\t\t\t\theight=\"187\"\n\t\t\t\t\tstyle=\"max-width:100%;\"\n\t\t\t\t\/>\n\t\t\t<\/a>\n\t\t<\/div>\n\t\t\t\t\t\t\t<\/div>\n\t\t\t\n\t\t\t\t<div id=\"ngg-image-12\" class=\"ngg-gallery-thumbnail-box\n\t\t\t\t\t\t\t\t\t\t\t\"\n\t\t\t>\n\t\t\t\t\t\t<div class=\"ngg-gallery-thumbnail\">\n\t\t<a href=\"https:\/\/www.juhe.ee\/foto\/wp-content\/gallery\/pariis\/013.jpg?t=1489504316\"\n\t\t\ttitle=\"\"\n\t\t\tdata-src=\"https:\/\/www.juhe.ee\/foto\/wp-content\/gallery\/pariis\/013.jpg?t=1489504316\"\n\t\t\tdata-thumbnail=\"https:\/\/www.juhe.ee\/foto\/wp-content\/gallery\/pariis\/thumbs\/thumbs_013.jpg?t=1489504316\"\n\t\t\tdata-image-id=\"1191\"\n\t\t\tdata-image-name=\"013.jpg\"\n\t\t\tdata-title=\"Mus\u00e9e d&#039;Orsay. Tegi kurvaks k\u00fcll.\"\n\t\t\tdata-description=\"\"\n\t\t\tdata-image-slug=\"013-6\"\n\t\t\t\t\t\t\t\t\t\t\t\t\t\t\t\t\t\t\t\tclass='thickbox' rel='32e405b28351d1950395b5331f8c8452'>\n\t\t\t\t\t\t\t\t<img\n\t\t\t\t\ttitle=\"Mus\u00e9e d&#039;Orsay. Tegi kurvaks k\u00fcll.\"\n\t\t\t\t\talt=\"Mus\u00e9e d&#039;Orsay. Tegi kurvaks k\u00fcll.\"\n\t\t\t\t\tsrc=\"https:\/\/www.juhe.ee\/foto\/wp-content\/gallery\/pariis\/thumbs\/thumbs_013.jpg?t=1489504316\"\n\t\t\t\t\twidth=\"280\"\n\t\t\t\t\theight=\"187\"\n\t\t\t\t\tstyle=\"max-width:100%;\"\n\t\t\t\t\/>\n\t\t\t<\/a>\n\t\t<\/div>\n\t\t\t\t\t\t\t<\/div>\n\t\t\t\n\t\t\t\t<div id=\"ngg-image-13\" class=\"ngg-gallery-thumbnail-box\n\t\t\t\t\t\t\t\t\t\t\t\"\n\t\t\t>\n\t\t\t\t\t\t<div class=\"ngg-gallery-thumbnail\">\n\t\t<a href=\"https:\/\/www.juhe.ee\/foto\/wp-content\/gallery\/pariis\/014.jpg?t=1489504317\"\n\t\t\ttitle=\"\"\n\t\t\tdata-src=\"https:\/\/www.juhe.ee\/foto\/wp-content\/gallery\/pariis\/014.jpg?t=1489504317\"\n\t\t\tdata-thumbnail=\"https:\/\/www.juhe.ee\/foto\/wp-content\/gallery\/pariis\/thumbs\/thumbs_014.jpg?t=1489504317\"\n\t\t\tdata-image-id=\"1192\"\n\t\t\tdata-image-name=\"014.jpg\"\n\t\t\tdata-title=\"La Seine. Kaubavedu t\u00e4ies hoos.\"\n\t\t\tdata-description=\"\"\n\t\t\tdata-image-slug=\"la-seine-kaubavedu-taies-hoos\"\n\t\t\t\t\t\t\t\t\t\t\t\t\t\t\t\t\t\t\t\tclass='thickbox' rel='32e405b28351d1950395b5331f8c8452'>\n\t\t\t\t\t\t\t\t<img\n\t\t\t\t\ttitle=\"La Seine. Kaubavedu t\u00e4ies hoos.\"\n\t\t\t\t\talt=\"La Seine. Kaubavedu t\u00e4ies hoos.\"\n\t\t\t\t\tsrc=\"https:\/\/www.juhe.ee\/foto\/wp-content\/gallery\/pariis\/thumbs\/thumbs_014.jpg?t=1489504317\"\n\t\t\t\t\twidth=\"280\"\n\t\t\t\t\theight=\"187\"\n\t\t\t\t\tstyle=\"max-width:100%;\"\n\t\t\t\t\/>\n\t\t\t<\/a>\n\t\t<\/div>\n\t\t\t\t\t\t\t<\/div>\n\t\t\t\n\t\t\t\t<div id=\"ngg-image-14\" class=\"ngg-gallery-thumbnail-box\n\t\t\t\t\t\t\t\t\t\t\t\"\n\t\t\t>\n\t\t\t\t\t\t<div class=\"ngg-gallery-thumbnail\">\n\t\t<a href=\"https:\/\/www.juhe.ee\/foto\/wp-content\/gallery\/pariis\/015.jpg?t=1489504318\"\n\t\t\ttitle=\"\"\n\t\t\tdata-src=\"https:\/\/www.juhe.ee\/foto\/wp-content\/gallery\/pariis\/015.jpg?t=1489504318\"\n\t\t\tdata-thumbnail=\"https:\/\/www.juhe.ee\/foto\/wp-content\/gallery\/pariis\/thumbs\/thumbs_015.jpg?t=1489504318\"\n\t\t\tdata-image-id=\"1193\"\n\t\t\tdata-image-name=\"015.jpg\"\n\t\t\tdata-title=\"Jardin des Tuileries. Kunsti leiab igal sammul. Fiac!\"\n\t\t\tdata-description=\"\"\n\t\t\tdata-image-slug=\"jardin-des-tuileries-kunsti-leiab-igal-sammul-fiac-1\"\n\t\t\t\t\t\t\t\t\t\t\t\t\t\t\t\t\t\t\t\tclass='thickbox' rel='32e405b28351d1950395b5331f8c8452'>\n\t\t\t\t\t\t\t\t<img\n\t\t\t\t\ttitle=\"Jardin des Tuileries. Kunsti leiab igal sammul. Fiac!\"\n\t\t\t\t\talt=\"Jardin des Tuileries. Kunsti leiab igal sammul. Fiac!\"\n\t\t\t\t\tsrc=\"https:\/\/www.juhe.ee\/foto\/wp-content\/gallery\/pariis\/thumbs\/thumbs_015.jpg?t=1489504318\"\n\t\t\t\t\twidth=\"280\"\n\t\t\t\t\theight=\"187\"\n\t\t\t\t\tstyle=\"max-width:100%;\"\n\t\t\t\t\/>\n\t\t\t<\/a>\n\t\t<\/div>\n\t\t\t\t\t\t\t<\/div>\n\t\t\t\n\t\t\t\t<div id=\"ngg-image-15\" class=\"ngg-gallery-thumbnail-box\n\t\t\t\t\t\t\t\t\t\t\t\"\n\t\t\t>\n\t\t\t\t\t\t<div class=\"ngg-gallery-thumbnail\">\n\t\t<a href=\"https:\/\/www.juhe.ee\/foto\/wp-content\/gallery\/pariis\/016.jpg?t=1489504319\"\n\t\t\ttitle=\"\"\n\t\t\tdata-src=\"https:\/\/www.juhe.ee\/foto\/wp-content\/gallery\/pariis\/016.jpg?t=1489504319\"\n\t\t\tdata-thumbnail=\"https:\/\/www.juhe.ee\/foto\/wp-content\/gallery\/pariis\/thumbs\/thumbs_016.jpg?t=1489504319\"\n\t\t\tdata-image-id=\"1194\"\n\t\t\tdata-image-name=\"016.jpg\"\n\t\t\tdata-title=\"Jardin des Tuileries. Kunsti leiab igal sammul. Fiac!\"\n\t\t\tdata-description=\"\"\n\t\t\tdata-image-slug=\"jardin-des-tuileries-kunsti-leiab-igal-sammul-fiac\"\n\t\t\t\t\t\t\t\t\t\t\t\t\t\t\t\t\t\t\t\tclass='thickbox' rel='32e405b28351d1950395b5331f8c8452'>\n\t\t\t\t\t\t\t\t<img\n\t\t\t\t\ttitle=\"Jardin des Tuileries. Kunsti leiab igal sammul. Fiac!\"\n\t\t\t\t\talt=\"Jardin des Tuileries. Kunsti leiab igal sammul. Fiac!\"\n\t\t\t\t\tsrc=\"https:\/\/www.juhe.ee\/foto\/wp-content\/gallery\/pariis\/thumbs\/thumbs_016.jpg?t=1489504319\"\n\t\t\t\t\twidth=\"280\"\n\t\t\t\t\theight=\"187\"\n\t\t\t\t\tstyle=\"max-width:100%;\"\n\t\t\t\t\/>\n\t\t\t<\/a>\n\t\t<\/div>\n\t\t\t\t\t\t\t<\/div>\n\t\t\t\n\t\t\t\t<div id=\"ngg-image-16\" class=\"ngg-gallery-thumbnail-box\n\t\t\t\t\t\t\t\t\t\t\t\"\n\t\t\t>\n\t\t\t\t\t\t<div class=\"ngg-gallery-thumbnail\">\n\t\t<a href=\"https:\/\/www.juhe.ee\/foto\/wp-content\/gallery\/pariis\/017.jpg?t=1489504320\"\n\t\t\ttitle=\"\"\n\t\t\tdata-src=\"https:\/\/www.juhe.ee\/foto\/wp-content\/gallery\/pariis\/017.jpg?t=1489504320\"\n\t\t\tdata-thumbnail=\"https:\/\/www.juhe.ee\/foto\/wp-content\/gallery\/pariis\/thumbs\/thumbs_017.jpg?t=1489504320\"\n\t\t\tdata-image-id=\"1195\"\n\t\t\tdata-image-name=\"017.jpg\"\n\t\t\tdata-title=\"Mus\u00e9e de l\\&#039;Orangerie. Hetk hiljem j\u00e4tsin oma kalli pisikese kaameraga juba h\u00fcvasti. Olid t\u00f5eliselt hea kaaslane...\"\n\t\t\tdata-description=\"\"\n\t\t\tdata-image-slug=\"musee-de-lorangerie-hetk-hiljem-jatsin-oma-kalli-pisikese-kaameraga-juba-huvasti-olid-toeliselt-hea-kaaslane\"\n\t\t\t\t\t\t\t\t\t\t\t\t\t\t\t\t\t\t\t\tclass='thickbox' rel='32e405b28351d1950395b5331f8c8452'>\n\t\t\t\t\t\t\t\t<img\n\t\t\t\t\ttitle=\"Mus\u00e9e de l\\&#039;Orangerie. Hetk hiljem j\u00e4tsin oma kalli pisikese kaameraga juba h\u00fcvasti. Olid t\u00f5eliselt hea kaaslane...\"\n\t\t\t\t\talt=\"Mus\u00e9e de l\\&#039;Orangerie. Hetk hiljem j\u00e4tsin oma kalli pisikese kaameraga juba h\u00fcvasti. Olid t\u00f5eliselt hea kaaslane...\"\n\t\t\t\t\tsrc=\"https:\/\/www.juhe.ee\/foto\/wp-content\/gallery\/pariis\/thumbs\/thumbs_017.jpg?t=1489504320\"\n\t\t\t\t\twidth=\"280\"\n\t\t\t\t\theight=\"187\"\n\t\t\t\t\tstyle=\"max-width:100%;\"\n\t\t\t\t\/>\n\t\t\t<\/a>\n\t\t<\/div>\n\t\t\t\t\t\t\t<\/div>\n\t\t\t\n\t\t\t\t<div id=\"ngg-image-17\" class=\"ngg-gallery-thumbnail-box\n\t\t\t\t\t\t\t\t\t\t\t\"\n\t\t\t>\n\t\t\t\t\t\t<div class=\"ngg-gallery-thumbnail\">\n\t\t<a href=\"https:\/\/www.juhe.ee\/foto\/wp-content\/gallery\/pariis\/018.jpg?t=1489504321\"\n\t\t\ttitle=\"\"\n\t\t\tdata-src=\"https:\/\/www.juhe.ee\/foto\/wp-content\/gallery\/pariis\/018.jpg?t=1489504321\"\n\t\t\tdata-thumbnail=\"https:\/\/www.juhe.ee\/foto\/wp-content\/gallery\/pariis\/thumbs\/thumbs_018.jpg?t=1489504321\"\n\t\t\tdata-image-id=\"1196\"\n\t\t\tdata-image-name=\"018.jpg\"\n\t\t\tdata-title=\"La colonne Vend\u00f4me. Klassikaline vaade.\"\n\t\t\tdata-description=\"\"\n\t\t\tdata-image-slug=\"la-colonne-vendome-klassikaline-vaade\"\n\t\t\t\t\t\t\t\t\t\t\t\t\t\t\t\t\t\t\t\tclass='thickbox' rel='32e405b28351d1950395b5331f8c8452'>\n\t\t\t\t\t\t\t\t<img\n\t\t\t\t\ttitle=\"La colonne Vend\u00f4me. Klassikaline vaade.\"\n\t\t\t\t\talt=\"La colonne Vend\u00f4me. Klassikaline vaade.\"\n\t\t\t\t\tsrc=\"https:\/\/www.juhe.ee\/foto\/wp-content\/gallery\/pariis\/thumbs\/thumbs_018.jpg?t=1489504321\"\n\t\t\t\t\twidth=\"280\"\n\t\t\t\t\theight=\"187\"\n\t\t\t\t\tstyle=\"max-width:100%;\"\n\t\t\t\t\/>\n\t\t\t<\/a>\n\t\t<\/div>\n\t\t\t\t\t\t\t<\/div>\n\t\t\t\n\t\t\t\t<div id=\"ngg-image-18\" class=\"ngg-gallery-thumbnail-box\n\t\t\t\t\t\t\t\t\t\t\t\"\n\t\t\t>\n\t\t\t\t\t\t<div class=\"ngg-gallery-thumbnail\">\n\t\t<a href=\"https:\/\/www.juhe.ee\/foto\/wp-content\/gallery\/pariis\/019.jpg?t=1489504322\"\n\t\t\ttitle=\"\"\n\t\t\tdata-src=\"https:\/\/www.juhe.ee\/foto\/wp-content\/gallery\/pariis\/019.jpg?t=1489504322\"\n\t\t\tdata-thumbnail=\"https:\/\/www.juhe.ee\/foto\/wp-content\/gallery\/pariis\/thumbs\/thumbs_019.jpg?t=1489504322\"\n\t\t\tdata-image-id=\"1197\"\n\t\t\tdata-image-name=\"019.jpg\"\n\t\t\tdata-title=\"Place Vend\u00f4me. Peeglikunst.\"\n\t\t\tdata-description=\"\"\n\t\t\tdata-image-slug=\"place-vendome-peeglikunst\"\n\t\t\t\t\t\t\t\t\t\t\t\t\t\t\t\t\t\t\t\tclass='thickbox' rel='32e405b28351d1950395b5331f8c8452'>\n\t\t\t\t\t\t\t\t<img\n\t\t\t\t\ttitle=\"Place Vend\u00f4me. Peeglikunst.\"\n\t\t\t\t\talt=\"Place Vend\u00f4me. Peeglikunst.\"\n\t\t\t\t\tsrc=\"https:\/\/www.juhe.ee\/foto\/wp-content\/gallery\/pariis\/thumbs\/thumbs_019.jpg?t=1489504322\"\n\t\t\t\t\twidth=\"280\"\n\t\t\t\t\theight=\"187\"\n\t\t\t\t\tstyle=\"max-width:100%;\"\n\t\t\t\t\/>\n\t\t\t<\/a>\n\t\t<\/div>\n\t\t\t\t\t\t\t<\/div>\n\t\t\t\n\t\t\t\t<div id=\"ngg-image-19\" class=\"ngg-gallery-thumbnail-box\n\t\t\t\t\t\t\t\t\t\t\t\"\n\t\t\t>\n\t\t\t\t\t\t<div class=\"ngg-gallery-thumbnail\">\n\t\t<a href=\"https:\/\/www.juhe.ee\/foto\/wp-content\/gallery\/pariis\/020.jpg?t=1489504323\"\n\t\t\ttitle=\"\"\n\t\t\tdata-src=\"https:\/\/www.juhe.ee\/foto\/wp-content\/gallery\/pariis\/020.jpg?t=1489504323\"\n\t\t\tdata-thumbnail=\"https:\/\/www.juhe.ee\/foto\/wp-content\/gallery\/pariis\/thumbs\/thumbs_020.jpg?t=1489504323\"\n\t\t\tdata-image-id=\"1198\"\n\t\t\tdata-image-name=\"020.jpg\"\n\t\t\tdata-title=\"La Pyramide du Louvre. Varahommikul.\"\n\t\t\tdata-description=\"\"\n\t\t\tdata-image-slug=\"la-pyramide-du-louvre-varahommikul\"\n\t\t\t\t\t\t\t\t\t\t\t\t\t\t\t\t\t\t\t\tclass='thickbox' rel='32e405b28351d1950395b5331f8c8452'>\n\t\t\t\t\t\t\t\t<img\n\t\t\t\t\ttitle=\"La Pyramide du Louvre. Varahommikul.\"\n\t\t\t\t\talt=\"La Pyramide du Louvre. Varahommikul.\"\n\t\t\t\t\tsrc=\"https:\/\/www.juhe.ee\/foto\/wp-content\/gallery\/pariis\/thumbs\/thumbs_020.jpg?t=1489504323\"\n\t\t\t\t\twidth=\"280\"\n\t\t\t\t\theight=\"187\"\n\t\t\t\t\tstyle=\"max-width:100%;\"\n\t\t\t\t\/>\n\t\t\t<\/a>\n\t\t<\/div>\n\t\t\t\t\t\t\t<\/div>\n\t\t\t\n\t\t\t\t<div id=\"ngg-image-20\" class=\"ngg-gallery-thumbnail-box\n\t\t\t\t\t\t\t\t\t\t\t\"\n\t\t\t>\n\t\t\t\t\t\t<div class=\"ngg-gallery-thumbnail\">\n\t\t<a href=\"https:\/\/www.juhe.ee\/foto\/wp-content\/gallery\/pariis\/021.jpg?t=1489504324\"\n\t\t\ttitle=\"\"\n\t\t\tdata-src=\"https:\/\/www.juhe.ee\/foto\/wp-content\/gallery\/pariis\/021.jpg?t=1489504324\"\n\t\t\tdata-thumbnail=\"https:\/\/www.juhe.ee\/foto\/wp-content\/gallery\/pariis\/thumbs\/thumbs_021.jpg?t=1489504324\"\n\t\t\tdata-image-id=\"1199\"\n\t\t\tdata-image-name=\"021.jpg\"\n\t\t\tdata-title=\"Mus\u00e9e du Louvre.\"\n\t\t\tdata-description=\"\"\n\t\t\tdata-image-slug=\"021-7\"\n\t\t\t\t\t\t\t\t\t\t\t\t\t\t\t\t\t\t\t\tclass='thickbox' rel='32e405b28351d1950395b5331f8c8452'>\n\t\t\t\t\t\t\t\t<img\n\t\t\t\t\ttitle=\"Mus\u00e9e du Louvre.\"\n\t\t\t\t\talt=\"Mus\u00e9e du Louvre.\"\n\t\t\t\t\tsrc=\"https:\/\/www.juhe.ee\/foto\/wp-content\/gallery\/pariis\/thumbs\/thumbs_021.jpg?t=1489504324\"\n\t\t\t\t\twidth=\"280\"\n\t\t\t\t\theight=\"187\"\n\t\t\t\t\tstyle=\"max-width:100%;\"\n\t\t\t\t\/>\n\t\t\t<\/a>\n\t\t<\/div>\n\t\t\t\t\t\t\t<\/div>\n\t\t\t\n\t\t\t\t<div id=\"ngg-image-21\" class=\"ngg-gallery-thumbnail-box\n\t\t\t\t\t\t\t\t\t\t\t\"\n\t\t\t>\n\t\t\t\t\t\t<div class=\"ngg-gallery-thumbnail\">\n\t\t<a href=\"https:\/\/www.juhe.ee\/foto\/wp-content\/gallery\/pariis\/022.jpg?t=1489504325\"\n\t\t\ttitle=\"\"\n\t\t\tdata-src=\"https:\/\/www.juhe.ee\/foto\/wp-content\/gallery\/pariis\/022.jpg?t=1489504325\"\n\t\t\tdata-thumbnail=\"https:\/\/www.juhe.ee\/foto\/wp-content\/gallery\/pariis\/thumbs\/thumbs_022.jpg?t=1489504325\"\n\t\t\tdata-image-id=\"1200\"\n\t\t\tdata-image-name=\"022.jpg\"\n\t\t\tdata-title=\"Mus\u00e9e du Louvre. La Joconde.\"\n\t\t\tdata-description=\"\"\n\t\t\tdata-image-slug=\"022-7\"\n\t\t\t\t\t\t\t\t\t\t\t\t\t\t\t\t\t\t\t\tclass='thickbox' rel='32e405b28351d1950395b5331f8c8452'>\n\t\t\t\t\t\t\t\t<img\n\t\t\t\t\ttitle=\"Mus\u00e9e du Louvre. La Joconde.\"\n\t\t\t\t\talt=\"Mus\u00e9e du Louvre. La Joconde.\"\n\t\t\t\t\tsrc=\"https:\/\/www.juhe.ee\/foto\/wp-content\/gallery\/pariis\/thumbs\/thumbs_022.jpg?t=1489504325\"\n\t\t\t\t\twidth=\"280\"\n\t\t\t\t\theight=\"187\"\n\t\t\t\t\tstyle=\"max-width:100%;\"\n\t\t\t\t\/>\n\t\t\t<\/a>\n\t\t<\/div>\n\t\t\t\t\t\t\t<\/div>\n\t\t\t\n\t\t\t\t<div id=\"ngg-image-22\" class=\"ngg-gallery-thumbnail-box\n\t\t\t\t\t\t\t\t\t\t\t\"\n\t\t\t>\n\t\t\t\t\t\t<div class=\"ngg-gallery-thumbnail\">\n\t\t<a href=\"https:\/\/www.juhe.ee\/foto\/wp-content\/gallery\/pariis\/023.jpg?t=1489504326\"\n\t\t\ttitle=\"\"\n\t\t\tdata-src=\"https:\/\/www.juhe.ee\/foto\/wp-content\/gallery\/pariis\/023.jpg?t=1489504326\"\n\t\t\tdata-thumbnail=\"https:\/\/www.juhe.ee\/foto\/wp-content\/gallery\/pariis\/thumbs\/thumbs_023.jpg?t=1489504326\"\n\t\t\tdata-image-id=\"1201\"\n\t\t\tdata-image-name=\"023.jpg\"\n\t\t\tdata-title=\"Mus\u00e9e du Louvre. La momie \u00e9gyptienne.\"\n\t\t\tdata-description=\"\"\n\t\t\tdata-image-slug=\"023-7\"\n\t\t\t\t\t\t\t\t\t\t\t\t\t\t\t\t\t\t\t\tclass='thickbox' rel='32e405b28351d1950395b5331f8c8452'>\n\t\t\t\t\t\t\t\t<img\n\t\t\t\t\ttitle=\"Mus\u00e9e du Louvre. La momie \u00e9gyptienne.\"\n\t\t\t\t\talt=\"Mus\u00e9e du Louvre. La momie \u00e9gyptienne.\"\n\t\t\t\t\tsrc=\"https:\/\/www.juhe.ee\/foto\/wp-content\/gallery\/pariis\/thumbs\/thumbs_023.jpg?t=1489504326\"\n\t\t\t\t\twidth=\"280\"\n\t\t\t\t\theight=\"187\"\n\t\t\t\t\tstyle=\"max-width:100%;\"\n\t\t\t\t\/>\n\t\t\t<\/a>\n\t\t<\/div>\n\t\t\t\t\t\t\t<\/div>\n\t\t\t\n\t\t\t\t<div id=\"ngg-image-23\" class=\"ngg-gallery-thumbnail-box\n\t\t\t\t\t\t\t\t\t\t\t\"\n\t\t\t>\n\t\t\t\t\t\t<div class=\"ngg-gallery-thumbnail\">\n\t\t<a href=\"https:\/\/www.juhe.ee\/foto\/wp-content\/gallery\/pariis\/024.jpg?t=1489504330\"\n\t\t\ttitle=\"\"\n\t\t\tdata-src=\"https:\/\/www.juhe.ee\/foto\/wp-content\/gallery\/pariis\/024.jpg?t=1489504330\"\n\t\t\tdata-thumbnail=\"https:\/\/www.juhe.ee\/foto\/wp-content\/gallery\/pariis\/thumbs\/thumbs_024.jpg?t=1489504330\"\n\t\t\tdata-image-id=\"1202\"\n\t\t\tdata-image-name=\"024.jpg\"\n\t\t\tdata-title=\"Mus\u00e9e du Louvre. Tegime veidi kaasaegsemat &quot;kunsti&quot;.\"\n\t\t\tdata-description=\"\"\n\t\t\tdata-image-slug=\"024-7\"\n\t\t\t\t\t\t\t\t\t\t\t\t\t\t\t\t\t\t\t\tclass='thickbox' rel='32e405b28351d1950395b5331f8c8452'>\n\t\t\t\t\t\t\t\t<img\n\t\t\t\t\ttitle=\"Mus\u00e9e du Louvre. Tegime veidi kaasaegsemat &quot;kunsti&quot;.\"\n\t\t\t\t\talt=\"Mus\u00e9e du Louvre. Tegime veidi kaasaegsemat &quot;kunsti&quot;.\"\n\t\t\t\t\tsrc=\"https:\/\/www.juhe.ee\/foto\/wp-content\/gallery\/pariis\/thumbs\/thumbs_024.jpg?t=1489504330\"\n\t\t\t\t\twidth=\"280\"\n\t\t\t\t\theight=\"187\"\n\t\t\t\t\tstyle=\"max-width:100%;\"\n\t\t\t\t\/>\n\t\t\t<\/a>\n\t\t<\/div>\n\t\t\t\t\t\t\t<\/div>\n\t\t\t\n\t\t\t\t<div id=\"ngg-image-24\" class=\"ngg-gallery-thumbnail-box\n\t\t\t\t\t\t\t\t\t\t\t\"\n\t\t\t>\n\t\t\t\t\t\t<div class=\"ngg-gallery-thumbnail\">\n\t\t<a href=\"https:\/\/www.juhe.ee\/foto\/wp-content\/gallery\/pariis\/025.jpg?t=1489504331\"\n\t\t\ttitle=\"\"\n\t\t\tdata-src=\"https:\/\/www.juhe.ee\/foto\/wp-content\/gallery\/pariis\/025.jpg?t=1489504331\"\n\t\t\tdata-thumbnail=\"https:\/\/www.juhe.ee\/foto\/wp-content\/gallery\/pariis\/thumbs\/thumbs_025.jpg?t=1489504331\"\n\t\t\tdata-image-id=\"1203\"\n\t\t\tdata-image-name=\"025.jpg\"\n\t\t\tdata-title=\"Mus\u00e9e du Louvre. Alo, mina ja kassid.\"\n\t\t\tdata-description=\"\"\n\t\t\tdata-image-slug=\"025-7\"\n\t\t\t\t\t\t\t\t\t\t\t\t\t\t\t\t\t\t\t\tclass='thickbox' rel='32e405b28351d1950395b5331f8c8452'>\n\t\t\t\t\t\t\t\t<img\n\t\t\t\t\ttitle=\"Mus\u00e9e du Louvre. Alo, mina ja kassid.\"\n\t\t\t\t\talt=\"Mus\u00e9e du Louvre. Alo, mina ja kassid.\"\n\t\t\t\t\tsrc=\"https:\/\/www.juhe.ee\/foto\/wp-content\/gallery\/pariis\/thumbs\/thumbs_025.jpg?t=1489504331\"\n\t\t\t\t\twidth=\"280\"\n\t\t\t\t\theight=\"187\"\n\t\t\t\t\tstyle=\"max-width:100%;\"\n\t\t\t\t\/>\n\t\t\t<\/a>\n\t\t<\/div>\n\t\t\t\t\t\t\t<\/div>\n\t\t\t\n\t\t\t\t<div id=\"ngg-image-25\" class=\"ngg-gallery-thumbnail-box\n\t\t\t\t\t\t\t\t\t\t\t\"\n\t\t\t>\n\t\t\t\t\t\t<div class=\"ngg-gallery-thumbnail\">\n\t\t<a href=\"https:\/\/www.juhe.ee\/foto\/wp-content\/gallery\/pariis\/026.jpg?t=1489504333\"\n\t\t\ttitle=\"\"\n\t\t\tdata-src=\"https:\/\/www.juhe.ee\/foto\/wp-content\/gallery\/pariis\/026.jpg?t=1489504333\"\n\t\t\tdata-thumbnail=\"https:\/\/www.juhe.ee\/foto\/wp-content\/gallery\/pariis\/thumbs\/thumbs_026.jpg?t=1489504333\"\n\t\t\tdata-image-id=\"1204\"\n\t\t\tdata-image-name=\"026.jpg\"\n\t\t\tdata-title=\"Mus\u00e9e du Louvre. \u00d5dus sise\u00f5u.\"\n\t\t\tdata-description=\"\"\n\t\t\tdata-image-slug=\"026-7\"\n\t\t\t\t\t\t\t\t\t\t\t\t\t\t\t\t\t\t\t\tclass='thickbox' rel='32e405b28351d1950395b5331f8c8452'>\n\t\t\t\t\t\t\t\t<img\n\t\t\t\t\ttitle=\"Mus\u00e9e du Louvre. \u00d5dus sise\u00f5u.\"\n\t\t\t\t\talt=\"Mus\u00e9e du Louvre. \u00d5dus sise\u00f5u.\"\n\t\t\t\t\tsrc=\"https:\/\/www.juhe.ee\/foto\/wp-content\/gallery\/pariis\/thumbs\/thumbs_026.jpg?t=1489504333\"\n\t\t\t\t\twidth=\"280\"\n\t\t\t\t\theight=\"187\"\n\t\t\t\t\tstyle=\"max-width:100%;\"\n\t\t\t\t\/>\n\t\t\t<\/a>\n\t\t<\/div>\n\t\t\t\t\t\t\t<\/div>\n\t\t\t\n\t\t\t\t<div id=\"ngg-image-26\" class=\"ngg-gallery-thumbnail-box\n\t\t\t\t\t\t\t\t\t\t\t\"\n\t\t\t>\n\t\t\t\t\t\t<div class=\"ngg-gallery-thumbnail\">\n\t\t<a href=\"https:\/\/www.juhe.ee\/foto\/wp-content\/gallery\/pariis\/027.jpg?t=1489504335\"\n\t\t\ttitle=\"\"\n\t\t\tdata-src=\"https:\/\/www.juhe.ee\/foto\/wp-content\/gallery\/pariis\/027.jpg?t=1489504335\"\n\t\t\tdata-thumbnail=\"https:\/\/www.juhe.ee\/foto\/wp-content\/gallery\/pariis\/thumbs\/thumbs_027.jpg?t=1489504335\"\n\t\t\tdata-image-id=\"1205\"\n\t\t\tdata-image-name=\"027.jpg\"\n\t\t\tdata-title=\"Mus\u00e9e du Louvre. Kohustuslik pilt v\u00e4ravas.\"\n\t\t\tdata-description=\"\"\n\t\t\tdata-image-slug=\"027-7\"\n\t\t\t\t\t\t\t\t\t\t\t\t\t\t\t\t\t\t\t\tclass='thickbox' rel='32e405b28351d1950395b5331f8c8452'>\n\t\t\t\t\t\t\t\t<img\n\t\t\t\t\ttitle=\"Mus\u00e9e du Louvre. Kohustuslik pilt v\u00e4ravas.\"\n\t\t\t\t\talt=\"Mus\u00e9e du Louvre. Kohustuslik pilt v\u00e4ravas.\"\n\t\t\t\t\tsrc=\"https:\/\/www.juhe.ee\/foto\/wp-content\/gallery\/pariis\/thumbs\/thumbs_027.jpg?t=1489504335\"\n\t\t\t\t\twidth=\"280\"\n\t\t\t\t\theight=\"187\"\n\t\t\t\t\tstyle=\"max-width:100%;\"\n\t\t\t\t\/>\n\t\t\t<\/a>\n\t\t<\/div>\n\t\t\t\t\t\t\t<\/div>\n\t\t\t\n\t\t\t\t<div id=\"ngg-image-27\" class=\"ngg-gallery-thumbnail-box\n\t\t\t\t\t\t\t\t\t\t\t\"\n\t\t\t>\n\t\t\t\t\t\t<div class=\"ngg-gallery-thumbnail\">\n\t\t<a href=\"https:\/\/www.juhe.ee\/foto\/wp-content\/gallery\/pariis\/028.jpg?t=1489504337\"\n\t\t\ttitle=\"\"\n\t\t\tdata-src=\"https:\/\/www.juhe.ee\/foto\/wp-content\/gallery\/pariis\/028.jpg?t=1489504337\"\n\t\t\tdata-thumbnail=\"https:\/\/www.juhe.ee\/foto\/wp-content\/gallery\/pariis\/thumbs\/thumbs_028.jpg?t=1489504337\"\n\t\t\tdata-image-id=\"1206\"\n\t\t\tdata-image-name=\"028.jpg\"\n\t\t\tdata-title=\"Mus\u00e9e du Louvre. P\u00e4rast ostutuuri suveniiripoes leidsin ka uue mehe.\"\n\t\t\tdata-description=\"\"\n\t\t\tdata-image-slug=\"028-7\"\n\t\t\t\t\t\t\t\t\t\t\t\t\t\t\t\t\t\t\t\tclass='thickbox' rel='32e405b28351d1950395b5331f8c8452'>\n\t\t\t\t\t\t\t\t<img\n\t\t\t\t\ttitle=\"Mus\u00e9e du Louvre. P\u00e4rast ostutuuri suveniiripoes leidsin ka uue mehe.\"\n\t\t\t\t\talt=\"Mus\u00e9e du Louvre. P\u00e4rast ostutuuri suveniiripoes leidsin ka uue mehe.\"\n\t\t\t\t\tsrc=\"https:\/\/www.juhe.ee\/foto\/wp-content\/gallery\/pariis\/thumbs\/thumbs_028.jpg?t=1489504337\"\n\t\t\t\t\twidth=\"280\"\n\t\t\t\t\theight=\"187\"\n\t\t\t\t\tstyle=\"max-width:100%;\"\n\t\t\t\t\/>\n\t\t\t<\/a>\n\t\t<\/div>\n\t\t\t\t\t\t\t<\/div>\n\t\t\t\n\t\t\t\t<div id=\"ngg-image-28\" class=\"ngg-gallery-thumbnail-box\n\t\t\t\t\t\t\t\t\t\t\t\"\n\t\t\t>\n\t\t\t\t\t\t<div class=\"ngg-gallery-thumbnail\">\n\t\t<a href=\"https:\/\/www.juhe.ee\/foto\/wp-content\/gallery\/pariis\/029.jpg?t=1489504339\"\n\t\t\ttitle=\"\"\n\t\t\tdata-src=\"https:\/\/www.juhe.ee\/foto\/wp-content\/gallery\/pariis\/029.jpg?t=1489504339\"\n\t\t\tdata-thumbnail=\"https:\/\/www.juhe.ee\/foto\/wp-content\/gallery\/pariis\/thumbs\/thumbs_029.jpg?t=1489504339\"\n\t\t\tdata-image-id=\"1207\"\n\t\t\tdata-image-name=\"029.jpg\"\n\t\t\tdata-title=\"New Morning. Kohalik &quot;jazziurgas&quot;.\"\n\t\t\tdata-description=\"\"\n\t\t\tdata-image-slug=\"029-7\"\n\t\t\t\t\t\t\t\t\t\t\t\t\t\t\t\t\t\t\t\tclass='thickbox' rel='32e405b28351d1950395b5331f8c8452'>\n\t\t\t\t\t\t\t\t<img\n\t\t\t\t\ttitle=\"New Morning. Kohalik &quot;jazziurgas&quot;.\"\n\t\t\t\t\talt=\"New Morning. Kohalik &quot;jazziurgas&quot;.\"\n\t\t\t\t\tsrc=\"https:\/\/www.juhe.ee\/foto\/wp-content\/gallery\/pariis\/thumbs\/thumbs_029.jpg?t=1489504339\"\n\t\t\t\t\twidth=\"280\"\n\t\t\t\t\theight=\"187\"\n\t\t\t\t\tstyle=\"max-width:100%;\"\n\t\t\t\t\/>\n\t\t\t<\/a>\n\t\t<\/div>\n\t\t\t\t\t\t\t<\/div>\n\t\t\t\n\t\t\t\t<div id=\"ngg-image-29\" class=\"ngg-gallery-thumbnail-box\n\t\t\t\t\t\t\t\t\t\t\t\"\n\t\t\t>\n\t\t\t\t\t\t<div class=\"ngg-gallery-thumbnail\">\n\t\t<a href=\"https:\/\/www.juhe.ee\/foto\/wp-content\/gallery\/pariis\/030.jpg?t=1489504341\"\n\t\t\ttitle=\"\"\n\t\t\tdata-src=\"https:\/\/www.juhe.ee\/foto\/wp-content\/gallery\/pariis\/030.jpg?t=1489504341\"\n\t\t\tdata-thumbnail=\"https:\/\/www.juhe.ee\/foto\/wp-content\/gallery\/pariis\/thumbs\/thumbs_030.jpg?t=1489504341\"\n\t\t\tdata-image-id=\"1208\"\n\t\t\tdata-image-name=\"030.jpg\"\n\t\t\tdata-title=\"Centre national d&#039;art et de culture Georges-Pompidou. Mina ja purskkaev. Nagu ikka.\"\n\t\t\tdata-description=\"\"\n\t\t\tdata-image-slug=\"030-4\"\n\t\t\t\t\t\t\t\t\t\t\t\t\t\t\t\t\t\t\t\tclass='thickbox' rel='32e405b28351d1950395b5331f8c8452'>\n\t\t\t\t\t\t\t\t<img\n\t\t\t\t\ttitle=\"Centre national d&#039;art et de culture Georges-Pompidou. Mina ja purskkaev. Nagu ikka.\"\n\t\t\t\t\talt=\"Centre national d&#039;art et de culture Georges-Pompidou. Mina ja purskkaev. Nagu ikka.\"\n\t\t\t\t\tsrc=\"https:\/\/www.juhe.ee\/foto\/wp-content\/gallery\/pariis\/thumbs\/thumbs_030.jpg?t=1489504341\"\n\t\t\t\t\twidth=\"280\"\n\t\t\t\t\theight=\"187\"\n\t\t\t\t\tstyle=\"max-width:100%;\"\n\t\t\t\t\/>\n\t\t\t<\/a>\n\t\t<\/div>\n\t\t\t\t\t\t\t<\/div>\n\t\t\t\n\t\t\t\t<div id=\"ngg-image-30\" class=\"ngg-gallery-thumbnail-box\n\t\t\t\t\t\t\t\t\t\t\t\"\n\t\t\t>\n\t\t\t\t\t\t<div class=\"ngg-gallery-thumbnail\">\n\t\t<a href=\"https:\/\/www.juhe.ee\/foto\/wp-content\/gallery\/pariis\/031.jpg?t=1489504342\"\n\t\t\ttitle=\"\"\n\t\t\tdata-src=\"https:\/\/www.juhe.ee\/foto\/wp-content\/gallery\/pariis\/031.jpg?t=1489504342\"\n\t\t\tdata-thumbnail=\"https:\/\/www.juhe.ee\/foto\/wp-content\/gallery\/pariis\/thumbs\/thumbs_031.jpg?t=1489504342\"\n\t\t\tdata-image-id=\"1209\"\n\t\t\tdata-image-name=\"031.jpg\"\n\t\t\tdata-title=\"Centre national d&#039;art et de culture Georges-Pompidou.\"\n\t\t\tdata-description=\"\"\n\t\t\tdata-image-slug=\"031-3\"\n\t\t\t\t\t\t\t\t\t\t\t\t\t\t\t\t\t\t\t\tclass='thickbox' rel='32e405b28351d1950395b5331f8c8452'>\n\t\t\t\t\t\t\t\t<img\n\t\t\t\t\ttitle=\"Centre national d&#039;art et de culture Georges-Pompidou.\"\n\t\t\t\t\talt=\"Centre national d&#039;art et de culture Georges-Pompidou.\"\n\t\t\t\t\tsrc=\"https:\/\/www.juhe.ee\/foto\/wp-content\/gallery\/pariis\/thumbs\/thumbs_031.jpg?t=1489504342\"\n\t\t\t\t\twidth=\"280\"\n\t\t\t\t\theight=\"187\"\n\t\t\t\t\tstyle=\"max-width:100%;\"\n\t\t\t\t\/>\n\t\t\t<\/a>\n\t\t<\/div>\n\t\t\t\t\t\t\t<\/div>\n\t\t\t\n\t\t\t\t<div id=\"ngg-image-31\" class=\"ngg-gallery-thumbnail-box\n\t\t\t\t\t\t\t\t\t\t\t\"\n\t\t\t>\n\t\t\t\t\t\t<div class=\"ngg-gallery-thumbnail\">\n\t\t<a href=\"https:\/\/www.juhe.ee\/foto\/wp-content\/gallery\/pariis\/032.jpg?t=1489504344\"\n\t\t\ttitle=\"\"\n\t\t\tdata-src=\"https:\/\/www.juhe.ee\/foto\/wp-content\/gallery\/pariis\/032.jpg?t=1489504344\"\n\t\t\tdata-thumbnail=\"https:\/\/www.juhe.ee\/foto\/wp-content\/gallery\/pariis\/thumbs\/thumbs_032.jpg?t=1489504344\"\n\t\t\tdata-image-id=\"1210\"\n\t\t\tdata-image-name=\"032.jpg\"\n\t\t\tdata-title=\"Centre national d&#039;art et de culture Georges-Pompidou.\"\n\t\t\tdata-description=\"\"\n\t\t\tdata-image-slug=\"032-3\"\n\t\t\t\t\t\t\t\t\t\t\t\t\t\t\t\t\t\t\t\tclass='thickbox' rel='32e405b28351d1950395b5331f8c8452'>\n\t\t\t\t\t\t\t\t<img\n\t\t\t\t\ttitle=\"Centre national d&#039;art et de culture Georges-Pompidou.\"\n\t\t\t\t\talt=\"Centre national d&#039;art et de culture Georges-Pompidou.\"\n\t\t\t\t\tsrc=\"https:\/\/www.juhe.ee\/foto\/wp-content\/gallery\/pariis\/thumbs\/thumbs_032.jpg?t=1489504344\"\n\t\t\t\t\twidth=\"280\"\n\t\t\t\t\theight=\"187\"\n\t\t\t\t\tstyle=\"max-width:100%;\"\n\t\t\t\t\/>\n\t\t\t<\/a>\n\t\t<\/div>\n\t\t\t\t\t\t\t<\/div>\n\t\t\t\n\t\t\t\t<div id=\"ngg-image-32\" class=\"ngg-gallery-thumbnail-box\n\t\t\t\t\t\t\t\t\t\t\t\"\n\t\t\t>\n\t\t\t\t\t\t<div class=\"ngg-gallery-thumbnail\">\n\t\t<a href=\"https:\/\/www.juhe.ee\/foto\/wp-content\/gallery\/pariis\/033.jpg?t=1489504346\"\n\t\t\ttitle=\"\"\n\t\t\tdata-src=\"https:\/\/www.juhe.ee\/foto\/wp-content\/gallery\/pariis\/033.jpg?t=1489504346\"\n\t\t\tdata-thumbnail=\"https:\/\/www.juhe.ee\/foto\/wp-content\/gallery\/pariis\/thumbs\/thumbs_033.jpg?t=1489504346\"\n\t\t\tdata-image-id=\"1211\"\n\t\t\tdata-image-name=\"033.jpg\"\n\t\t\tdata-title=\"Espace Dali Montmartre. \u00c9l\u00e9phant de l&#039;espace.\"\n\t\t\tdata-description=\"\"\n\t\t\tdata-image-slug=\"033-4\"\n\t\t\t\t\t\t\t\t\t\t\t\t\t\t\t\t\t\t\t\tclass='thickbox' rel='32e405b28351d1950395b5331f8c8452'>\n\t\t\t\t\t\t\t\t<img\n\t\t\t\t\ttitle=\"Espace Dali Montmartre. \u00c9l\u00e9phant de l&#039;espace.\"\n\t\t\t\t\talt=\"Espace Dali Montmartre. \u00c9l\u00e9phant de l&#039;espace.\"\n\t\t\t\t\tsrc=\"https:\/\/www.juhe.ee\/foto\/wp-content\/gallery\/pariis\/thumbs\/thumbs_033.jpg?t=1489504346\"\n\t\t\t\t\twidth=\"280\"\n\t\t\t\t\theight=\"187\"\n\t\t\t\t\tstyle=\"max-width:100%;\"\n\t\t\t\t\/>\n\t\t\t<\/a>\n\t\t<\/div>\n\t\t\t\t\t\t\t<\/div>\n\t\t\t\n\t\t\t\t<div id=\"ngg-image-33\" class=\"ngg-gallery-thumbnail-box\n\t\t\t\t\t\t\t\t\t\t\t\"\n\t\t\t>\n\t\t\t\t\t\t<div class=\"ngg-gallery-thumbnail\">\n\t\t<a href=\"https:\/\/www.juhe.ee\/foto\/wp-content\/gallery\/pariis\/034.jpg?t=1489504348\"\n\t\t\ttitle=\"\"\n\t\t\tdata-src=\"https:\/\/www.juhe.ee\/foto\/wp-content\/gallery\/pariis\/034.jpg?t=1489504348\"\n\t\t\tdata-thumbnail=\"https:\/\/www.juhe.ee\/foto\/wp-content\/gallery\/pariis\/thumbs\/thumbs_034.jpg?t=1489504348\"\n\t\t\tdata-image-id=\"1212\"\n\t\t\tdata-image-name=\"034.jpg\"\n\t\t\tdata-title=\"Espace Dali Montmartre.\"\n\t\t\tdata-description=\"\"\n\t\t\tdata-image-slug=\"034-5\"\n\t\t\t\t\t\t\t\t\t\t\t\t\t\t\t\t\t\t\t\tclass='thickbox' rel='32e405b28351d1950395b5331f8c8452'>\n\t\t\t\t\t\t\t\t<img\n\t\t\t\t\ttitle=\"Espace Dali Montmartre.\"\n\t\t\t\t\talt=\"Espace Dali Montmartre.\"\n\t\t\t\t\tsrc=\"https:\/\/www.juhe.ee\/foto\/wp-content\/gallery\/pariis\/thumbs\/thumbs_034.jpg?t=1489504348\"\n\t\t\t\t\twidth=\"280\"\n\t\t\t\t\theight=\"187\"\n\t\t\t\t\tstyle=\"max-width:100%;\"\n\t\t\t\t\/>\n\t\t\t<\/a>\n\t\t<\/div>\n\t\t\t\t\t\t\t<\/div>\n\t\t\t\n\t\t\t\t<div id=\"ngg-image-34\" class=\"ngg-gallery-thumbnail-box\n\t\t\t\t\t\t\t\t\t\t\t\"\n\t\t\t>\n\t\t\t\t\t\t<div class=\"ngg-gallery-thumbnail\">\n\t\t<a href=\"https:\/\/www.juhe.ee\/foto\/wp-content\/gallery\/pariis\/035.jpg?t=1489504349\"\n\t\t\ttitle=\"\"\n\t\t\tdata-src=\"https:\/\/www.juhe.ee\/foto\/wp-content\/gallery\/pariis\/035.jpg?t=1489504349\"\n\t\t\tdata-thumbnail=\"https:\/\/www.juhe.ee\/foto\/wp-content\/gallery\/pariis\/thumbs\/thumbs_035.jpg?t=1489504349\"\n\t\t\tdata-image-id=\"1213\"\n\t\t\tdata-image-name=\"035.jpg\"\n\t\t\tdata-title=\"Espace Dali Montmartre.\"\n\t\t\tdata-description=\"\"\n\t\t\tdata-image-slug=\"035-5\"\n\t\t\t\t\t\t\t\t\t\t\t\t\t\t\t\t\t\t\t\tclass='thickbox' rel='32e405b28351d1950395b5331f8c8452'>\n\t\t\t\t\t\t\t\t<img\n\t\t\t\t\ttitle=\"Espace Dali Montmartre.\"\n\t\t\t\t\talt=\"Espace Dali Montmartre.\"\n\t\t\t\t\tsrc=\"https:\/\/www.juhe.ee\/foto\/wp-content\/gallery\/pariis\/thumbs\/thumbs_035.jpg?t=1489504349\"\n\t\t\t\t\twidth=\"280\"\n\t\t\t\t\theight=\"187\"\n\t\t\t\t\tstyle=\"max-width:100%;\"\n\t\t\t\t\/>\n\t\t\t<\/a>\n\t\t<\/div>\n\t\t\t\t\t\t\t<\/div>\n\t\t\t\n\t\t\t\t<div id=\"ngg-image-35\" class=\"ngg-gallery-thumbnail-box\n\t\t\t\t\t\t\t\t\t\t\t\"\n\t\t\t>\n\t\t\t\t\t\t<div class=\"ngg-gallery-thumbnail\">\n\t\t<a href=\"https:\/\/www.juhe.ee\/foto\/wp-content\/gallery\/pariis\/036.jpg?t=1489504351\"\n\t\t\ttitle=\"\"\n\t\t\tdata-src=\"https:\/\/www.juhe.ee\/foto\/wp-content\/gallery\/pariis\/036.jpg?t=1489504351\"\n\t\t\tdata-thumbnail=\"https:\/\/www.juhe.ee\/foto\/wp-content\/gallery\/pariis\/thumbs\/thumbs_036.jpg?t=1489504351\"\n\t\t\tdata-image-id=\"1214\"\n\t\t\tdata-image-name=\"036.jpg\"\n\t\t\tdata-title=\"Cabaret Au Lapin Agile. Vaade minevikku.\"\n\t\t\tdata-description=\"\"\n\t\t\tdata-image-slug=\"036-5\"\n\t\t\t\t\t\t\t\t\t\t\t\t\t\t\t\t\t\t\t\tclass='thickbox' rel='32e405b28351d1950395b5331f8c8452'>\n\t\t\t\t\t\t\t\t<img\n\t\t\t\t\ttitle=\"Cabaret Au Lapin Agile. Vaade minevikku.\"\n\t\t\t\t\talt=\"Cabaret Au Lapin Agile. Vaade minevikku.\"\n\t\t\t\t\tsrc=\"https:\/\/www.juhe.ee\/foto\/wp-content\/gallery\/pariis\/thumbs\/thumbs_036.jpg?t=1489504351\"\n\t\t\t\t\twidth=\"280\"\n\t\t\t\t\theight=\"187\"\n\t\t\t\t\tstyle=\"max-width:100%;\"\n\t\t\t\t\/>\n\t\t\t<\/a>\n\t\t<\/div>\n\t\t\t\t\t\t\t<\/div>\n\t\t\t\n\t\t\t\t<div id=\"ngg-image-36\" class=\"ngg-gallery-thumbnail-box\n\t\t\t\t\t\t\t\t\t\t\t\"\n\t\t\t>\n\t\t\t\t\t\t<div class=\"ngg-gallery-thumbnail\">\n\t\t<a href=\"https:\/\/www.juhe.ee\/foto\/wp-content\/gallery\/pariis\/037.jpg?t=1489504354\"\n\t\t\ttitle=\"\"\n\t\t\tdata-src=\"https:\/\/www.juhe.ee\/foto\/wp-content\/gallery\/pariis\/037.jpg?t=1489504354\"\n\t\t\tdata-thumbnail=\"https:\/\/www.juhe.ee\/foto\/wp-content\/gallery\/pariis\/thumbs\/thumbs_037.jpg?t=1489504354\"\n\t\t\tdata-image-id=\"1215\"\n\t\t\tdata-image-name=\"037.jpg\"\n\t\t\tdata-title=\"Basilique du Sacr\u00e9-C\u0153ur de Montmartre. Beseekirik.\"\n\t\t\tdata-description=\"\"\n\t\t\tdata-image-slug=\"037-5\"\n\t\t\t\t\t\t\t\t\t\t\t\t\t\t\t\t\t\t\t\tclass='thickbox' rel='32e405b28351d1950395b5331f8c8452'>\n\t\t\t\t\t\t\t\t<img\n\t\t\t\t\ttitle=\"Basilique du Sacr\u00e9-C\u0153ur de Montmartre. Beseekirik.\"\n\t\t\t\t\talt=\"Basilique du Sacr\u00e9-C\u0153ur de Montmartre. Beseekirik.\"\n\t\t\t\t\tsrc=\"https:\/\/www.juhe.ee\/foto\/wp-content\/gallery\/pariis\/thumbs\/thumbs_037.jpg?t=1489504354\"\n\t\t\t\t\twidth=\"280\"\n\t\t\t\t\theight=\"187\"\n\t\t\t\t\tstyle=\"max-width:100%;\"\n\t\t\t\t\/>\n\t\t\t<\/a>\n\t\t<\/div>\n\t\t\t\t\t\t\t<\/div>\n\t\t\t\n\t\t\t\t<div id=\"ngg-image-37\" class=\"ngg-gallery-thumbnail-box\n\t\t\t\t\t\t\t\t\t\t\t\"\n\t\t\t>\n\t\t\t\t\t\t<div class=\"ngg-gallery-thumbnail\">\n\t\t<a href=\"https:\/\/www.juhe.ee\/foto\/wp-content\/gallery\/pariis\/038.jpg?t=1489504355\"\n\t\t\ttitle=\"\"\n\t\t\tdata-src=\"https:\/\/www.juhe.ee\/foto\/wp-content\/gallery\/pariis\/038.jpg?t=1489504355\"\n\t\t\tdata-thumbnail=\"https:\/\/www.juhe.ee\/foto\/wp-content\/gallery\/pariis\/thumbs\/thumbs_038.jpg?t=1489504355\"\n\t\t\tdata-image-id=\"1216\"\n\t\t\tdata-image-name=\"038.jpg\"\n\t\t\tdata-title=\"Basilique du Sacr\u00e9-C\u0153ur de Montmartre. Laskumine.\"\n\t\t\tdata-description=\"\"\n\t\t\tdata-image-slug=\"038-5\"\n\t\t\t\t\t\t\t\t\t\t\t\t\t\t\t\t\t\t\t\tclass='thickbox' rel='32e405b28351d1950395b5331f8c8452'>\n\t\t\t\t\t\t\t\t<img\n\t\t\t\t\ttitle=\"Basilique du Sacr\u00e9-C\u0153ur de Montmartre. Laskumine.\"\n\t\t\t\t\talt=\"Basilique du Sacr\u00e9-C\u0153ur de Montmartre. Laskumine.\"\n\t\t\t\t\tsrc=\"https:\/\/www.juhe.ee\/foto\/wp-content\/gallery\/pariis\/thumbs\/thumbs_038.jpg?t=1489504355\"\n\t\t\t\t\twidth=\"280\"\n\t\t\t\t\theight=\"187\"\n\t\t\t\t\tstyle=\"max-width:100%;\"\n\t\t\t\t\/>\n\t\t\t<\/a>\n\t\t<\/div>\n\t\t\t\t\t\t\t<\/div>\n\t\t\t\n\t\t\t\t<div id=\"ngg-image-38\" class=\"ngg-gallery-thumbnail-box\n\t\t\t\t\t\t\t\t\t\t\t\"\n\t\t\t>\n\t\t\t\t\t\t<div class=\"ngg-gallery-thumbnail\">\n\t\t<a href=\"https:\/\/www.juhe.ee\/foto\/wp-content\/gallery\/pariis\/039.jpg?t=1489504357\"\n\t\t\ttitle=\"\"\n\t\t\tdata-src=\"https:\/\/www.juhe.ee\/foto\/wp-content\/gallery\/pariis\/039.jpg?t=1489504357\"\n\t\t\tdata-thumbnail=\"https:\/\/www.juhe.ee\/foto\/wp-content\/gallery\/pariis\/thumbs\/thumbs_039.jpg?t=1489504357\"\n\t\t\tdata-image-id=\"1217\"\n\t\t\tdata-image-name=\"039.jpg\"\n\t\t\tdata-title=\"Les Escaliers de Montmartre. Ja v\u00f5\u00f5ras mees.\"\n\t\t\tdata-description=\"\"\n\t\t\tdata-image-slug=\"039-5\"\n\t\t\t\t\t\t\t\t\t\t\t\t\t\t\t\t\t\t\t\tclass='thickbox' rel='32e405b28351d1950395b5331f8c8452'>\n\t\t\t\t\t\t\t\t<img\n\t\t\t\t\ttitle=\"Les Escaliers de Montmartre. Ja v\u00f5\u00f5ras mees.\"\n\t\t\t\t\talt=\"Les Escaliers de Montmartre. Ja v\u00f5\u00f5ras mees.\"\n\t\t\t\t\tsrc=\"https:\/\/www.juhe.ee\/foto\/wp-content\/gallery\/pariis\/thumbs\/thumbs_039.jpg?t=1489504357\"\n\t\t\t\t\twidth=\"280\"\n\t\t\t\t\theight=\"187\"\n\t\t\t\t\tstyle=\"max-width:100%;\"\n\t\t\t\t\/>\n\t\t\t<\/a>\n\t\t<\/div>\n\t\t\t\t\t\t\t<\/div>\n\t\t\t\n\t\t\t\t<div id=\"ngg-image-39\" class=\"ngg-gallery-thumbnail-box\n\t\t\t\t\t\t\t\t\t\t\t\"\n\t\t\t>\n\t\t\t\t\t\t<div class=\"ngg-gallery-thumbnail\">\n\t\t<a href=\"https:\/\/www.juhe.ee\/foto\/wp-content\/gallery\/pariis\/040.jpg?t=1489504360\"\n\t\t\ttitle=\"\"\n\t\t\tdata-src=\"https:\/\/www.juhe.ee\/foto\/wp-content\/gallery\/pariis\/040.jpg?t=1489504360\"\n\t\t\tdata-thumbnail=\"https:\/\/www.juhe.ee\/foto\/wp-content\/gallery\/pariis\/thumbs\/thumbs_040.jpg?t=1489504360\"\n\t\t\tdata-image-id=\"1218\"\n\t\t\tdata-image-name=\"040.jpg\"\n\t\t\tdata-title=\"Montmartre. Pallipood. Lambipood.\"\n\t\t\tdata-description=\"\"\n\t\t\tdata-image-slug=\"040-5\"\n\t\t\t\t\t\t\t\t\t\t\t\t\t\t\t\t\t\t\t\tclass='thickbox' rel='32e405b28351d1950395b5331f8c8452'>\n\t\t\t\t\t\t\t\t<img\n\t\t\t\t\ttitle=\"Montmartre. Pallipood. Lambipood.\"\n\t\t\t\t\talt=\"Montmartre. Pallipood. Lambipood.\"\n\t\t\t\t\tsrc=\"https:\/\/www.juhe.ee\/foto\/wp-content\/gallery\/pariis\/thumbs\/thumbs_040.jpg?t=1489504360\"\n\t\t\t\t\twidth=\"280\"\n\t\t\t\t\theight=\"187\"\n\t\t\t\t\tstyle=\"max-width:100%;\"\n\t\t\t\t\/>\n\t\t\t<\/a>\n\t\t<\/div>\n\t\t\t\t\t\t\t<\/div>\n\t\t\t\n\t\t\t\t<div id=\"ngg-image-40\" class=\"ngg-gallery-thumbnail-box\n\t\t\t\t\t\t\t\t\t\t\t\"\n\t\t\t>\n\t\t\t\t\t\t<div class=\"ngg-gallery-thumbnail\">\n\t\t<a href=\"https:\/\/www.juhe.ee\/foto\/wp-content\/gallery\/pariis\/041.jpg?t=1489504363\"\n\t\t\ttitle=\"\"\n\t\t\tdata-src=\"https:\/\/www.juhe.ee\/foto\/wp-content\/gallery\/pariis\/041.jpg?t=1489504363\"\n\t\t\tdata-thumbnail=\"https:\/\/www.juhe.ee\/foto\/wp-content\/gallery\/pariis\/thumbs\/thumbs_041.jpg?t=1489504363\"\n\t\t\tdata-image-id=\"1219\"\n\t\t\tdata-image-name=\"041.jpg\"\n\t\t\tdata-title=\"Cimeti\u00e8re de Montmartre. Alexandre Dumas. M\u00f5ned varbad on f\u00e4nnid juba kaasa v\u00f5tnud.\"\n\t\t\tdata-description=\"\"\n\t\t\tdata-image-slug=\"041-5\"\n\t\t\t\t\t\t\t\t\t\t\t\t\t\t\t\t\t\t\t\tclass='thickbox' rel='32e405b28351d1950395b5331f8c8452'>\n\t\t\t\t\t\t\t\t<img\n\t\t\t\t\ttitle=\"Cimeti\u00e8re de Montmartre. Alexandre Dumas. M\u00f5ned varbad on f\u00e4nnid juba kaasa v\u00f5tnud.\"\n\t\t\t\t\talt=\"Cimeti\u00e8re de Montmartre. Alexandre Dumas. M\u00f5ned varbad on f\u00e4nnid juba kaasa v\u00f5tnud.\"\n\t\t\t\t\tsrc=\"https:\/\/www.juhe.ee\/foto\/wp-content\/gallery\/pariis\/thumbs\/thumbs_041.jpg?t=1489504363\"\n\t\t\t\t\twidth=\"280\"\n\t\t\t\t\theight=\"187\"\n\t\t\t\t\tstyle=\"max-width:100%;\"\n\t\t\t\t\/>\n\t\t\t<\/a>\n\t\t<\/div>\n\t\t\t\t\t\t\t<\/div>\n\t\t\t\n\t\t\t\t<div id=\"ngg-image-41\" class=\"ngg-gallery-thumbnail-box\n\t\t\t\t\t\t\t\t\t\t\t\"\n\t\t\t>\n\t\t\t\t\t\t<div class=\"ngg-gallery-thumbnail\">\n\t\t<a href=\"https:\/\/www.juhe.ee\/foto\/wp-content\/gallery\/pariis\/042.jpg?t=1489504364\"\n\t\t\ttitle=\"\"\n\t\t\tdata-src=\"https:\/\/www.juhe.ee\/foto\/wp-content\/gallery\/pariis\/042.jpg?t=1489504364\"\n\t\t\tdata-thumbnail=\"https:\/\/www.juhe.ee\/foto\/wp-content\/gallery\/pariis\/thumbs\/thumbs_042.jpg?t=1489504364\"\n\t\t\tdata-image-id=\"1220\"\n\t\t\tdata-image-name=\"042.jpg\"\n\t\t\tdata-title=\"Cimeti\u00e8re de Montmartre. Teed oli raske leida.\"\n\t\t\tdata-description=\"\"\n\t\t\tdata-image-slug=\"042-5\"\n\t\t\t\t\t\t\t\t\t\t\t\t\t\t\t\t\t\t\t\tclass='thickbox' rel='32e405b28351d1950395b5331f8c8452'>\n\t\t\t\t\t\t\t\t<img\n\t\t\t\t\ttitle=\"Cimeti\u00e8re de Montmartre. Teed oli raske leida.\"\n\t\t\t\t\talt=\"Cimeti\u00e8re de Montmartre. Teed oli raske leida.\"\n\t\t\t\t\tsrc=\"https:\/\/www.juhe.ee\/foto\/wp-content\/gallery\/pariis\/thumbs\/thumbs_042.jpg?t=1489504364\"\n\t\t\t\t\twidth=\"280\"\n\t\t\t\t\theight=\"187\"\n\t\t\t\t\tstyle=\"max-width:100%;\"\n\t\t\t\t\/>\n\t\t\t<\/a>\n\t\t<\/div>\n\t\t\t\t\t\t\t<\/div>\n\t\t\t\n\t\t\t\t<div id=\"ngg-image-42\" class=\"ngg-gallery-thumbnail-box\n\t\t\t\t\t\t\t\t\t\t\t\"\n\t\t\t>\n\t\t\t\t\t\t<div class=\"ngg-gallery-thumbnail\">\n\t\t<a href=\"https:\/\/www.juhe.ee\/foto\/wp-content\/gallery\/pariis\/043.jpg?t=1489504366\"\n\t\t\ttitle=\"\"\n\t\t\tdata-src=\"https:\/\/www.juhe.ee\/foto\/wp-content\/gallery\/pariis\/043.jpg?t=1489504366\"\n\t\t\tdata-thumbnail=\"https:\/\/www.juhe.ee\/foto\/wp-content\/gallery\/pariis\/thumbs\/thumbs_043.jpg?t=1489504366\"\n\t\t\tdata-image-id=\"1221\"\n\t\t\tdata-image-name=\"043.jpg\"\n\t\t\tdata-title=\"Cimeti\u00e8re de Montmartre. (The Doctor: Whatever you do, don&#039;t blink.)\"\n\t\t\tdata-description=\"\"\n\t\t\tdata-image-slug=\"043-5\"\n\t\t\t\t\t\t\t\t\t\t\t\t\t\t\t\t\t\t\t\tclass='thickbox' rel='32e405b28351d1950395b5331f8c8452'>\n\t\t\t\t\t\t\t\t<img\n\t\t\t\t\ttitle=\"Cimeti\u00e8re de Montmartre. (The Doctor: Whatever you do, don&#039;t blink.)\"\n\t\t\t\t\talt=\"Cimeti\u00e8re de Montmartre. (The Doctor: Whatever you do, don&#039;t blink.)\"\n\t\t\t\t\tsrc=\"https:\/\/www.juhe.ee\/foto\/wp-content\/gallery\/pariis\/thumbs\/thumbs_043.jpg?t=1489504366\"\n\t\t\t\t\twidth=\"280\"\n\t\t\t\t\theight=\"187\"\n\t\t\t\t\tstyle=\"max-width:100%;\"\n\t\t\t\t\/>\n\t\t\t<\/a>\n\t\t<\/div>\n\t\t\t\t\t\t\t<\/div>\n\t\t\t\n\t\t\t\t<div id=\"ngg-image-43\" class=\"ngg-gallery-thumbnail-box\n\t\t\t\t\t\t\t\t\t\t\t\"\n\t\t\t>\n\t\t\t\t\t\t<div class=\"ngg-gallery-thumbnail\">\n\t\t<a href=\"https:\/\/www.juhe.ee\/foto\/wp-content\/gallery\/pariis\/044.jpg?t=1489504368\"\n\t\t\ttitle=\"\"\n\t\t\tdata-src=\"https:\/\/www.juhe.ee\/foto\/wp-content\/gallery\/pariis\/044.jpg?t=1489504368\"\n\t\t\tdata-thumbnail=\"https:\/\/www.juhe.ee\/foto\/wp-content\/gallery\/pariis\/thumbs\/thumbs_044.jpg?t=1489504368\"\n\t\t\tdata-image-id=\"1222\"\n\t\t\tdata-image-name=\"044.jpg\"\n\t\t\tdata-title=\"Cimeti\u00e8re de Montmartre.\"\n\t\t\tdata-description=\"\"\n\t\t\tdata-image-slug=\"044-4\"\n\t\t\t\t\t\t\t\t\t\t\t\t\t\t\t\t\t\t\t\tclass='thickbox' rel='32e405b28351d1950395b5331f8c8452'>\n\t\t\t\t\t\t\t\t<img\n\t\t\t\t\ttitle=\"Cimeti\u00e8re de Montmartre.\"\n\t\t\t\t\talt=\"Cimeti\u00e8re de Montmartre.\"\n\t\t\t\t\tsrc=\"https:\/\/www.juhe.ee\/foto\/wp-content\/gallery\/pariis\/thumbs\/thumbs_044.jpg?t=1489504368\"\n\t\t\t\t\twidth=\"280\"\n\t\t\t\t\theight=\"187\"\n\t\t\t\t\tstyle=\"max-width:100%;\"\n\t\t\t\t\/>\n\t\t\t<\/a>\n\t\t<\/div>\n\t\t\t\t\t\t\t<\/div>\n\t\t\t\n\t\t\t\t<div id=\"ngg-image-44\" class=\"ngg-gallery-thumbnail-box\n\t\t\t\t\t\t\t\t\t\t\t\"\n\t\t\t>\n\t\t\t\t\t\t<div class=\"ngg-gallery-thumbnail\">\n\t\t<a href=\"https:\/\/www.juhe.ee\/foto\/wp-content\/gallery\/pariis\/045.jpg?t=1489504370\"\n\t\t\ttitle=\"\"\n\t\t\tdata-src=\"https:\/\/www.juhe.ee\/foto\/wp-content\/gallery\/pariis\/045.jpg?t=1489504370\"\n\t\t\tdata-thumbnail=\"https:\/\/www.juhe.ee\/foto\/wp-content\/gallery\/pariis\/thumbs\/thumbs_045.jpg?t=1489504370\"\n\t\t\tdata-image-id=\"1223\"\n\t\t\tdata-image-name=\"045.jpg\"\n\t\t\tdata-title=\"Moulin Rouge.\"\n\t\t\tdata-description=\"\"\n\t\t\tdata-image-slug=\"045-4\"\n\t\t\t\t\t\t\t\t\t\t\t\t\t\t\t\t\t\t\t\tclass='thickbox' rel='32e405b28351d1950395b5331f8c8452'>\n\t\t\t\t\t\t\t\t<img\n\t\t\t\t\ttitle=\"Moulin Rouge.\"\n\t\t\t\t\talt=\"Moulin Rouge.\"\n\t\t\t\t\tsrc=\"https:\/\/www.juhe.ee\/foto\/wp-content\/gallery\/pariis\/thumbs\/thumbs_045.jpg?t=1489504370\"\n\t\t\t\t\twidth=\"280\"\n\t\t\t\t\theight=\"187\"\n\t\t\t\t\tstyle=\"max-width:100%;\"\n\t\t\t\t\/>\n\t\t\t<\/a>\n\t\t<\/div>\n\t\t\t\t\t\t\t<\/div>\n\t\t\t\n\t\t\t\t<div id=\"ngg-image-45\" class=\"ngg-gallery-thumbnail-box\n\t\t\t\t\t\t\t\t\t\t\t\"\n\t\t\t>\n\t\t\t\t\t\t<div class=\"ngg-gallery-thumbnail\">\n\t\t<a href=\"https:\/\/www.juhe.ee\/foto\/wp-content\/gallery\/pariis\/046.jpg?t=1489504372\"\n\t\t\ttitle=\"\"\n\t\t\tdata-src=\"https:\/\/www.juhe.ee\/foto\/wp-content\/gallery\/pariis\/046.jpg?t=1489504372\"\n\t\t\tdata-thumbnail=\"https:\/\/www.juhe.ee\/foto\/wp-content\/gallery\/pariis\/thumbs\/thumbs_046.jpg?t=1489504372\"\n\t\t\tdata-image-id=\"1224\"\n\t\t\tdata-image-name=\"046.jpg\"\n\t\t\tdata-title=\"Place du Tertre. Kunstnikud ja turistid l\u00e4bisegi.\"\n\t\t\tdata-description=\"\"\n\t\t\tdata-image-slug=\"046-4\"\n\t\t\t\t\t\t\t\t\t\t\t\t\t\t\t\t\t\t\t\tclass='thickbox' rel='32e405b28351d1950395b5331f8c8452'>\n\t\t\t\t\t\t\t\t<img\n\t\t\t\t\ttitle=\"Place du Tertre. Kunstnikud ja turistid l\u00e4bisegi.\"\n\t\t\t\t\talt=\"Place du Tertre. Kunstnikud ja turistid l\u00e4bisegi.\"\n\t\t\t\t\tsrc=\"https:\/\/www.juhe.ee\/foto\/wp-content\/gallery\/pariis\/thumbs\/thumbs_046.jpg?t=1489504372\"\n\t\t\t\t\twidth=\"280\"\n\t\t\t\t\theight=\"187\"\n\t\t\t\t\tstyle=\"max-width:100%;\"\n\t\t\t\t\/>\n\t\t\t<\/a>\n\t\t<\/div>\n\t\t\t\t\t\t\t<\/div>\n\t\t\t\n\t\t\t\t<div id=\"ngg-image-46\" class=\"ngg-gallery-thumbnail-box\n\t\t\t\t\t\t\t\t\t\t\t\"\n\t\t\t>\n\t\t\t\t\t\t<div class=\"ngg-gallery-thumbnail\">\n\t\t<a href=\"https:\/\/www.juhe.ee\/foto\/wp-content\/gallery\/pariis\/047.jpg?t=1489504374\"\n\t\t\ttitle=\"\"\n\t\t\tdata-src=\"https:\/\/www.juhe.ee\/foto\/wp-content\/gallery\/pariis\/047.jpg?t=1489504374\"\n\t\t\tdata-thumbnail=\"https:\/\/www.juhe.ee\/foto\/wp-content\/gallery\/pariis\/thumbs\/thumbs_047.jpg?t=1489504374\"\n\t\t\tdata-image-id=\"1225\"\n\t\t\tdata-image-name=\"047.jpg\"\n\t\t\tdata-title=\"Rue Tholoz\u00e9. Art is everywhere.\"\n\t\t\tdata-description=\"\"\n\t\t\tdata-image-slug=\"047-4\"\n\t\t\t\t\t\t\t\t\t\t\t\t\t\t\t\t\t\t\t\tclass='thickbox' rel='32e405b28351d1950395b5331f8c8452'>\n\t\t\t\t\t\t\t\t<img\n\t\t\t\t\ttitle=\"Rue Tholoz\u00e9. Art is everywhere.\"\n\t\t\t\t\talt=\"Rue Tholoz\u00e9. Art is everywhere.\"\n\t\t\t\t\tsrc=\"https:\/\/www.juhe.ee\/foto\/wp-content\/gallery\/pariis\/thumbs\/thumbs_047.jpg?t=1489504374\"\n\t\t\t\t\twidth=\"280\"\n\t\t\t\t\theight=\"187\"\n\t\t\t\t\tstyle=\"max-width:100%;\"\n\t\t\t\t\/>\n\t\t\t<\/a>\n\t\t<\/div>\n\t\t\t\t\t\t\t<\/div>\n\t\t\t\n\t\t\t\t<div id=\"ngg-image-47\" class=\"ngg-gallery-thumbnail-box\n\t\t\t\t\t\t\t\t\t\t\t\"\n\t\t\t>\n\t\t\t\t\t\t<div class=\"ngg-gallery-thumbnail\">\n\t\t<a href=\"https:\/\/www.juhe.ee\/foto\/wp-content\/gallery\/pariis\/048.jpg?t=1489504376\"\n\t\t\ttitle=\"\"\n\t\t\tdata-src=\"https:\/\/www.juhe.ee\/foto\/wp-content\/gallery\/pariis\/048.jpg?t=1489504376\"\n\t\t\tdata-thumbnail=\"https:\/\/www.juhe.ee\/foto\/wp-content\/gallery\/pariis\/thumbs\/thumbs_048.jpg?t=1489504376\"\n\t\t\tdata-image-id=\"1226\"\n\t\t\tdata-image-name=\"048.jpg\"\n\t\t\tdata-title=\"Place du Trocad\u00e9ro. Viimane m\u00e4lupilt linnast.\"\n\t\t\tdata-description=\"\"\n\t\t\tdata-image-slug=\"048-3\"\n\t\t\t\t\t\t\t\t\t\t\t\t\t\t\t\t\t\t\t\tclass='thickbox' rel='32e405b28351d1950395b5331f8c8452'>\n\t\t\t\t\t\t\t\t<img\n\t\t\t\t\ttitle=\"Place du Trocad\u00e9ro. Viimane m\u00e4lupilt linnast.\"\n\t\t\t\t\talt=\"Place du Trocad\u00e9ro. Viimane m\u00e4lupilt linnast.\"\n\t\t\t\t\tsrc=\"https:\/\/www.juhe.ee\/foto\/wp-content\/gallery\/pariis\/thumbs\/thumbs_048.jpg?t=1489504376\"\n\t\t\t\t\twidth=\"280\"\n\t\t\t\t\theight=\"187\"\n\t\t\t\t\tstyle=\"max-width:100%;\"\n\t\t\t\t\/>\n\t\t\t<\/a>\n\t\t<\/div>\n\t\t\t\t\t\t\t<\/div>\n\t\t\t\n\t\n\t\n\t<\/div>\n<\/p>\n","protected":false},"excerpt":{"rendered":"","protected":false},"author":2,"featured_media":2666,"comment_status":"closed","ping_status":"closed","sticky":false,"template":"","format":"image","meta":{"ngg_post_thumbnail":0,"_jetpack_newsletter_access":"","_jetpack_dont_email_post_to_subs":true,"_jetpack_newsletter_tier_id":0,"_jetpack_memberships_contains_paywalled_content":false,"_jetpack_feature_clip_id":0,"_jetpack_memberships_contains_paid_content":false,"footnotes":"","jetpack_publicize_message":"","jetpack_publicize_feature_enabled":true,"jetpack_social_post_already_shared":false,"jetpack_social_options":{"image_generator_settings":{"template":"highway","default_image_id":0,"font":"","enabled":false},"version":2},"jetpack_post_was_ever_published":false},"categories":[16,27,3],"tags":[],"class_list":["post-2664","post","type-post","status-publish","format-image","has-post-thumbnail","hentry","category-euroopa","category-prantsusmaa","category-reis","post_format-post-format-image","fallback-thumbnail"],"jetpack_publicize_connections":[],"jetpack_sharing_enabled":true,"jetpack_shortlink":"https:\/\/wp.me\/s89WFS-pariis","jetpack-related-posts":[],"jetpack_featured_media_url":"https:\/\/i0.wp.com\/www.juhe.ee\/foto\/wp-content\/uploads\/ngg_featured\/016.jpg?fit=1024%2C768&ssl=1","_links":{"self":[{"href":"https:\/\/www.juhe.ee\/foto\/wp-json\/wp\/v2\/posts\/2664","targetHints":{"allow":["GET"]}}],"collection":[{"href":"https:\/\/www.juhe.ee\/foto\/wp-json\/wp\/v2\/posts"}],"about":[{"href":"https:\/\/www.juhe.ee\/foto\/wp-json\/wp\/v2\/types\/post"}],"author":[{"embeddable":true,"href":"https:\/\/www.juhe.ee\/foto\/wp-json\/wp\/v2\/users\/2"}],"replies":[{"embeddable":true,"href":"https:\/\/www.juhe.ee\/foto\/wp-json\/wp\/v2\/comments?post=2664"}],"version-history":[{"count":1,"href":"https:\/\/www.juhe.ee\/foto\/wp-json\/wp\/v2\/posts\/2664\/revisions"}],"predecessor-version":[{"id":2667,"href":"https:\/\/www.juhe.ee\/foto\/wp-json\/wp\/v2\/posts\/2664\/revisions\/2667"}],"wp:featuredmedia":[{"embeddable":true,"href":"https:\/\/www.juhe.ee\/foto\/wp-json\/wp\/v2\/media\/2666"}],"wp:attachment":[{"href":"https:\/\/www.juhe.ee\/foto\/wp-json\/wp\/v2\/media?parent=2664"}],"wp:term":[{"taxonomy":"category","embeddable":true,"href":"https:\/\/www.juhe.ee\/foto\/wp-json\/wp\/v2\/categories?post=2664"},{"taxonomy":"post_tag","embeddable":true,"href":"https:\/\/www.juhe.ee\/foto\/wp-json\/wp\/v2\/tags?post=2664"}],"curies":[{"name":"wp","href":"https:\/\/api.w.org\/{rel}","templated":true}]}}