{"id":1559,"date":"2013-07-24T11:45:45","date_gmt":"2013-07-24T09:45:45","guid":{"rendered":"http:\/\/www.juhe.ee\/foto\/?p=1559"},"modified":"2017-03-15T09:53:29","modified_gmt":"2017-03-15T07:53:29","slug":"soome-pohja-norra","status":"publish","type":"post","link":"https:\/\/www.juhe.ee\/foto\/reis\/soome-pohja-norra\/","title":{"rendered":"Soome &#038; P\u00f5hja-Norra"},"content":{"rendered":"<p><!-- default-view.php -->\n<div\n\tclass=\"ngg-galleryoverview default-view\n\t ngg-ajax-pagination-none\t\"\n\tid=\"ngg-gallery-f3e10ed37b8ebc179857f7ad36075406-1\"\n\tdata-nextgen-gallery-id=\"9\"\n\tdata-gallery-id=\"9\"\n\t\tdata-gallery-name=\"Northern Region\"\n\t>\n\n\t\t<!-- Thumbnails -->\n\t\t\t\t<div id=\"ngg-image-0\" class=\"ngg-gallery-thumbnail-box\n\t\t\t\t\t\t\t\t\t\t\t\"\n\t\t\t>\n\t\t\t\t\t\t<div class=\"ngg-gallery-thumbnail\">\n\t\t<a href=\"https:\/\/www.juhe.ee\/foto\/wp-content\/gallery\/northern-region\/001.jpg?t=1489564424\"\n\t\t\ttitle=\"\"\n\t\t\tdata-src=\"https:\/\/www.juhe.ee\/foto\/wp-content\/gallery\/northern-region\/001.jpg?t=1489564424\"\n\t\t\tdata-thumbnail=\"https:\/\/www.juhe.ee\/foto\/wp-content\/gallery\/northern-region\/thumbs\/thumbs_001.jpg?t=1489564424\"\n\t\t\tdata-image-id=\"591\"\n\t\t\tdata-image-name=\"001.jpg\"\n\t\t\tdata-title=\"Viimane vaade kodulinnale. Tallinna Merep\u00e4evad\"\n\t\t\tdata-description=\"\"\n\t\t\tdata-image-slug=\"001-2\"\n\t\t\t\t\t\t\t\t\t\t\t\t\t\t\t\t\t\t\t\tclass='thickbox' rel='f3e10ed37b8ebc179857f7ad36075406'>\n\t\t\t\t\t\t\t\t<img\n\t\t\t\t\ttitle=\"Viimane vaade kodulinnale. Tallinna Merep\u00e4evad\"\n\t\t\t\t\talt=\"Viimane vaade kodulinnale. Tallinna Merep\u00e4evad\"\n\t\t\t\t\tsrc=\"https:\/\/www.juhe.ee\/foto\/wp-content\/gallery\/northern-region\/thumbs\/thumbs_001.jpg?t=1489564424\"\n\t\t\t\t\twidth=\"280\"\n\t\t\t\t\theight=\"187\"\n\t\t\t\t\tstyle=\"max-width:100%;\"\n\t\t\t\t\/>\n\t\t\t<\/a>\n\t\t<\/div>\n\t\t\t\t\t\t\t<\/div>\n\t\t\t\n\t\t\t\t<div id=\"ngg-image-1\" class=\"ngg-gallery-thumbnail-box\n\t\t\t\t\t\t\t\t\t\t\t\"\n\t\t\t>\n\t\t\t\t\t\t<div class=\"ngg-gallery-thumbnail\">\n\t\t<a href=\"https:\/\/www.juhe.ee\/foto\/wp-content\/gallery\/northern-region\/002.jpg?t=1489502929\"\n\t\t\ttitle=\"\"\n\t\t\tdata-src=\"https:\/\/www.juhe.ee\/foto\/wp-content\/gallery\/northern-region\/002.jpg?t=1489502929\"\n\t\t\tdata-thumbnail=\"https:\/\/www.juhe.ee\/foto\/wp-content\/gallery\/northern-region\/thumbs\/thumbs_002.jpg?t=1489502929\"\n\t\t\tdata-image-id=\"592\"\n\t\t\tdata-image-name=\"002.jpg\"\n\t\t\tdata-title=\"Salo, VPK ja t\u00f6\u00f6poos\"\n\t\t\tdata-description=\"\"\n\t\t\tdata-image-slug=\"002-2\"\n\t\t\t\t\t\t\t\t\t\t\t\t\t\t\t\t\t\t\t\tclass='thickbox' rel='f3e10ed37b8ebc179857f7ad36075406'>\n\t\t\t\t\t\t\t\t<img\n\t\t\t\t\ttitle=\"Salo, VPK ja t\u00f6\u00f6poos\"\n\t\t\t\t\talt=\"Salo, VPK ja t\u00f6\u00f6poos\"\n\t\t\t\t\tsrc=\"https:\/\/www.juhe.ee\/foto\/wp-content\/gallery\/northern-region\/thumbs\/thumbs_002.jpg?t=1489502929\"\n\t\t\t\t\twidth=\"280\"\n\t\t\t\t\theight=\"187\"\n\t\t\t\t\tstyle=\"max-width:100%;\"\n\t\t\t\t\/>\n\t\t\t<\/a>\n\t\t<\/div>\n\t\t\t\t\t\t\t<\/div>\n\t\t\t\n\t\t\t\t<div id=\"ngg-image-2\" class=\"ngg-gallery-thumbnail-box\n\t\t\t\t\t\t\t\t\t\t\t\"\n\t\t\t>\n\t\t\t\t\t\t<div class=\"ngg-gallery-thumbnail\">\n\t\t<a href=\"https:\/\/www.juhe.ee\/foto\/wp-content\/gallery\/northern-region\/003.jpg?t=1489502931\"\n\t\t\ttitle=\"\"\n\t\t\tdata-src=\"https:\/\/www.juhe.ee\/foto\/wp-content\/gallery\/northern-region\/003.jpg?t=1489502931\"\n\t\t\tdata-thumbnail=\"https:\/\/www.juhe.ee\/foto\/wp-content\/gallery\/northern-region\/thumbs\/thumbs_003.jpg?t=1489502931\"\n\t\t\tdata-image-id=\"593\"\n\t\t\tdata-image-name=\"003.jpg\"\n\t\t\tdata-title=\"Vaade, mida kodumaal ei n\u00e4e. Tee Salost Turusse\"\n\t\t\tdata-description=\"\"\n\t\t\tdata-image-slug=\"003-2\"\n\t\t\t\t\t\t\t\t\t\t\t\t\t\t\t\t\t\t\t\tclass='thickbox' rel='f3e10ed37b8ebc179857f7ad36075406'>\n\t\t\t\t\t\t\t\t<img\n\t\t\t\t\ttitle=\"Vaade, mida kodumaal ei n\u00e4e. Tee Salost Turusse\"\n\t\t\t\t\talt=\"Vaade, mida kodumaal ei n\u00e4e. Tee Salost Turusse\"\n\t\t\t\t\tsrc=\"https:\/\/www.juhe.ee\/foto\/wp-content\/gallery\/northern-region\/thumbs\/thumbs_003.jpg?t=1489502931\"\n\t\t\t\t\twidth=\"280\"\n\t\t\t\t\theight=\"187\"\n\t\t\t\t\tstyle=\"max-width:100%;\"\n\t\t\t\t\/>\n\t\t\t<\/a>\n\t\t<\/div>\n\t\t\t\t\t\t\t<\/div>\n\t\t\t\n\t\t\t\t<div id=\"ngg-image-3\" class=\"ngg-gallery-thumbnail-box\n\t\t\t\t\t\t\t\t\t\t\t\"\n\t\t\t>\n\t\t\t\t\t\t<div class=\"ngg-gallery-thumbnail\">\n\t\t<a href=\"https:\/\/www.juhe.ee\/foto\/wp-content\/gallery\/northern-region\/004.jpg?t=1489502933\"\n\t\t\ttitle=\"\"\n\t\t\tdata-src=\"https:\/\/www.juhe.ee\/foto\/wp-content\/gallery\/northern-region\/004.jpg?t=1489502933\"\n\t\t\tdata-thumbnail=\"https:\/\/www.juhe.ee\/foto\/wp-content\/gallery\/northern-region\/thumbs\/thumbs_004.jpg?t=1489502933\"\n\t\t\tdata-image-id=\"594\"\n\t\t\tdata-image-name=\"004.jpg\"\n\t\t\tdata-title=\"Turu toomkirik on Soome luteriusu peakirik ja ka Soome rahvuskirik\"\n\t\t\tdata-description=\"\"\n\t\t\tdata-image-slug=\"004-2\"\n\t\t\t\t\t\t\t\t\t\t\t\t\t\t\t\t\t\t\t\tclass='thickbox' rel='f3e10ed37b8ebc179857f7ad36075406'>\n\t\t\t\t\t\t\t\t<img\n\t\t\t\t\ttitle=\"Turu toomkirik on Soome luteriusu peakirik ja ka Soome rahvuskirik\"\n\t\t\t\t\talt=\"Turu toomkirik on Soome luteriusu peakirik ja ka Soome rahvuskirik\"\n\t\t\t\t\tsrc=\"https:\/\/www.juhe.ee\/foto\/wp-content\/gallery\/northern-region\/thumbs\/thumbs_004.jpg?t=1489502933\"\n\t\t\t\t\twidth=\"280\"\n\t\t\t\t\theight=\"187\"\n\t\t\t\t\tstyle=\"max-width:100%;\"\n\t\t\t\t\/>\n\t\t\t<\/a>\n\t\t<\/div>\n\t\t\t\t\t\t\t<\/div>\n\t\t\t\n\t\t\t\t<div id=\"ngg-image-4\" class=\"ngg-gallery-thumbnail-box\n\t\t\t\t\t\t\t\t\t\t\t\"\n\t\t\t>\n\t\t\t\t\t\t<div class=\"ngg-gallery-thumbnail\">\n\t\t<a href=\"https:\/\/www.juhe.ee\/foto\/wp-content\/gallery\/northern-region\/005.jpg?t=1489502935\"\n\t\t\ttitle=\"\"\n\t\t\tdata-src=\"https:\/\/www.juhe.ee\/foto\/wp-content\/gallery\/northern-region\/005.jpg?t=1489502935\"\n\t\t\tdata-thumbnail=\"https:\/\/www.juhe.ee\/foto\/wp-content\/gallery\/northern-region\/thumbs\/thumbs_005.jpg?t=1489502935\"\n\t\t\tdata-image-id=\"595\"\n\t\t\tdata-image-name=\"005.jpg\"\n\t\t\tdata-title=\"Luostarinm\u00e4ki k\u00e4sit\u00f6\u00f6muuseum Turus. Sissejuhatuseks kellake ja saapake\"\n\t\t\tdata-description=\"\"\n\t\t\tdata-image-slug=\"005-2\"\n\t\t\t\t\t\t\t\t\t\t\t\t\t\t\t\t\t\t\t\tclass='thickbox' rel='f3e10ed37b8ebc179857f7ad36075406'>\n\t\t\t\t\t\t\t\t<img\n\t\t\t\t\ttitle=\"Luostarinm\u00e4ki k\u00e4sit\u00f6\u00f6muuseum Turus. Sissejuhatuseks kellake ja saapake\"\n\t\t\t\t\talt=\"Luostarinm\u00e4ki k\u00e4sit\u00f6\u00f6muuseum Turus. Sissejuhatuseks kellake ja saapake\"\n\t\t\t\t\tsrc=\"https:\/\/www.juhe.ee\/foto\/wp-content\/gallery\/northern-region\/thumbs\/thumbs_005.jpg?t=1489502935\"\n\t\t\t\t\twidth=\"280\"\n\t\t\t\t\theight=\"187\"\n\t\t\t\t\tstyle=\"max-width:100%;\"\n\t\t\t\t\/>\n\t\t\t<\/a>\n\t\t<\/div>\n\t\t\t\t\t\t\t<\/div>\n\t\t\t\n\t\t\t\t<div id=\"ngg-image-5\" class=\"ngg-gallery-thumbnail-box\n\t\t\t\t\t\t\t\t\t\t\t\"\n\t\t\t>\n\t\t\t\t\t\t<div class=\"ngg-gallery-thumbnail\">\n\t\t<a href=\"https:\/\/www.juhe.ee\/foto\/wp-content\/gallery\/northern-region\/006.jpg?t=1489502937\"\n\t\t\ttitle=\"\"\n\t\t\tdata-src=\"https:\/\/www.juhe.ee\/foto\/wp-content\/gallery\/northern-region\/006.jpg?t=1489502937\"\n\t\t\tdata-thumbnail=\"https:\/\/www.juhe.ee\/foto\/wp-content\/gallery\/northern-region\/thumbs\/thumbs_006.jpg?t=1489502937\"\n\t\t\tdata-image-id=\"596\"\n\t\t\tdata-image-name=\"006.jpg\"\n\t\t\tdata-title=\"Luostarinm\u00e4ki k\u00e4sit\u00f6\u00f6muuseum Turus. Kohalik tubakap\u00f5ld\"\n\t\t\tdata-description=\"\"\n\t\t\tdata-image-slug=\"006-2\"\n\t\t\t\t\t\t\t\t\t\t\t\t\t\t\t\t\t\t\t\tclass='thickbox' rel='f3e10ed37b8ebc179857f7ad36075406'>\n\t\t\t\t\t\t\t\t<img\n\t\t\t\t\ttitle=\"Luostarinm\u00e4ki k\u00e4sit\u00f6\u00f6muuseum Turus. Kohalik tubakap\u00f5ld\"\n\t\t\t\t\talt=\"Luostarinm\u00e4ki k\u00e4sit\u00f6\u00f6muuseum Turus. Kohalik tubakap\u00f5ld\"\n\t\t\t\t\tsrc=\"https:\/\/www.juhe.ee\/foto\/wp-content\/gallery\/northern-region\/thumbs\/thumbs_006.jpg?t=1489502937\"\n\t\t\t\t\twidth=\"280\"\n\t\t\t\t\theight=\"187\"\n\t\t\t\t\tstyle=\"max-width:100%;\"\n\t\t\t\t\/>\n\t\t\t<\/a>\n\t\t<\/div>\n\t\t\t\t\t\t\t<\/div>\n\t\t\t\n\t\t\t\t<div id=\"ngg-image-6\" class=\"ngg-gallery-thumbnail-box\n\t\t\t\t\t\t\t\t\t\t\t\"\n\t\t\t>\n\t\t\t\t\t\t<div class=\"ngg-gallery-thumbnail\">\n\t\t<a href=\"https:\/\/www.juhe.ee\/foto\/wp-content\/gallery\/northern-region\/007.jpg?t=1489502938\"\n\t\t\ttitle=\"\"\n\t\t\tdata-src=\"https:\/\/www.juhe.ee\/foto\/wp-content\/gallery\/northern-region\/007.jpg?t=1489502938\"\n\t\t\tdata-thumbnail=\"https:\/\/www.juhe.ee\/foto\/wp-content\/gallery\/northern-region\/thumbs\/thumbs_007.jpg?t=1489502938\"\n\t\t\tdata-image-id=\"597\"\n\t\t\tdata-image-name=\"007.jpg\"\n\t\t\tdata-title=\"Luostarinm\u00e4ki k\u00e4sit\u00f6\u00f6muuseum Turus. Poodnik\"\n\t\t\tdata-description=\"\"\n\t\t\tdata-image-slug=\"007-2\"\n\t\t\t\t\t\t\t\t\t\t\t\t\t\t\t\t\t\t\t\tclass='thickbox' rel='f3e10ed37b8ebc179857f7ad36075406'>\n\t\t\t\t\t\t\t\t<img\n\t\t\t\t\ttitle=\"Luostarinm\u00e4ki k\u00e4sit\u00f6\u00f6muuseum Turus. Poodnik\"\n\t\t\t\t\talt=\"Luostarinm\u00e4ki k\u00e4sit\u00f6\u00f6muuseum Turus. Poodnik\"\n\t\t\t\t\tsrc=\"https:\/\/www.juhe.ee\/foto\/wp-content\/gallery\/northern-region\/thumbs\/thumbs_007.jpg?t=1489502938\"\n\t\t\t\t\twidth=\"280\"\n\t\t\t\t\theight=\"187\"\n\t\t\t\t\tstyle=\"max-width:100%;\"\n\t\t\t\t\/>\n\t\t\t<\/a>\n\t\t<\/div>\n\t\t\t\t\t\t\t<\/div>\n\t\t\t\n\t\t\t\t<div id=\"ngg-image-7\" class=\"ngg-gallery-thumbnail-box\n\t\t\t\t\t\t\t\t\t\t\t\"\n\t\t\t>\n\t\t\t\t\t\t<div class=\"ngg-gallery-thumbnail\">\n\t\t<a href=\"https:\/\/www.juhe.ee\/foto\/wp-content\/gallery\/northern-region\/008.jpg?t=1489502940\"\n\t\t\ttitle=\"\"\n\t\t\tdata-src=\"https:\/\/www.juhe.ee\/foto\/wp-content\/gallery\/northern-region\/008.jpg?t=1489502940\"\n\t\t\tdata-thumbnail=\"https:\/\/www.juhe.ee\/foto\/wp-content\/gallery\/northern-region\/thumbs\/thumbs_008.jpg?t=1489502940\"\n\t\t\tdata-image-id=\"598\"\n\t\t\tdata-image-name=\"008.jpg\"\n\t\t\tdata-title=\"Kahe mehe m\u00f5tteavalduse vahel. Rootsi kroonprints Karl Johan ja Vene keiser Aleksander I\"\n\t\t\tdata-description=\"\"\n\t\t\tdata-image-slug=\"008-2\"\n\t\t\t\t\t\t\t\t\t\t\t\t\t\t\t\t\t\t\t\tclass='thickbox' rel='f3e10ed37b8ebc179857f7ad36075406'>\n\t\t\t\t\t\t\t\t<img\n\t\t\t\t\ttitle=\"Kahe mehe m\u00f5tteavalduse vahel. Rootsi kroonprints Karl Johan ja Vene keiser Aleksander I\"\n\t\t\t\t\talt=\"Kahe mehe m\u00f5tteavalduse vahel. Rootsi kroonprints Karl Johan ja Vene keiser Aleksander I\"\n\t\t\t\t\tsrc=\"https:\/\/www.juhe.ee\/foto\/wp-content\/gallery\/northern-region\/thumbs\/thumbs_008.jpg?t=1489502940\"\n\t\t\t\t\twidth=\"280\"\n\t\t\t\t\theight=\"187\"\n\t\t\t\t\tstyle=\"max-width:100%;\"\n\t\t\t\t\/>\n\t\t\t<\/a>\n\t\t<\/div>\n\t\t\t\t\t\t\t<\/div>\n\t\t\t\n\t\t\t\t<div id=\"ngg-image-8\" class=\"ngg-gallery-thumbnail-box\n\t\t\t\t\t\t\t\t\t\t\t\"\n\t\t\t>\n\t\t\t\t\t\t<div class=\"ngg-gallery-thumbnail\">\n\t\t<a href=\"https:\/\/www.juhe.ee\/foto\/wp-content\/gallery\/northern-region\/009.jpg?t=1489502942\"\n\t\t\ttitle=\"\"\n\t\t\tdata-src=\"https:\/\/www.juhe.ee\/foto\/wp-content\/gallery\/northern-region\/009.jpg?t=1489502942\"\n\t\t\tdata-thumbnail=\"https:\/\/www.juhe.ee\/foto\/wp-content\/gallery\/northern-region\/thumbs\/thumbs_009.jpg?t=1489502942\"\n\t\t\tdata-image-id=\"599\"\n\t\t\tdata-image-name=\"009.jpg\"\n\t\t\tdata-title=\"Turu linnus. Talvine mudel\"\n\t\t\tdata-description=\"\"\n\t\t\tdata-image-slug=\"009-2\"\n\t\t\t\t\t\t\t\t\t\t\t\t\t\t\t\t\t\t\t\tclass='thickbox' rel='f3e10ed37b8ebc179857f7ad36075406'>\n\t\t\t\t\t\t\t\t<img\n\t\t\t\t\ttitle=\"Turu linnus. Talvine mudel\"\n\t\t\t\t\talt=\"Turu linnus. Talvine mudel\"\n\t\t\t\t\tsrc=\"https:\/\/www.juhe.ee\/foto\/wp-content\/gallery\/northern-region\/thumbs\/thumbs_009.jpg?t=1489502942\"\n\t\t\t\t\twidth=\"280\"\n\t\t\t\t\theight=\"187\"\n\t\t\t\t\tstyle=\"max-width:100%;\"\n\t\t\t\t\/>\n\t\t\t<\/a>\n\t\t<\/div>\n\t\t\t\t\t\t\t<\/div>\n\t\t\t\n\t\t\t\t<div id=\"ngg-image-9\" class=\"ngg-gallery-thumbnail-box\n\t\t\t\t\t\t\t\t\t\t\t\"\n\t\t\t>\n\t\t\t\t\t\t<div class=\"ngg-gallery-thumbnail\">\n\t\t<a href=\"https:\/\/www.juhe.ee\/foto\/wp-content\/gallery\/northern-region\/010.jpg?t=1489502944\"\n\t\t\ttitle=\"\"\n\t\t\tdata-src=\"https:\/\/www.juhe.ee\/foto\/wp-content\/gallery\/northern-region\/010.jpg?t=1489502944\"\n\t\t\tdata-thumbnail=\"https:\/\/www.juhe.ee\/foto\/wp-content\/gallery\/northern-region\/thumbs\/thumbs_010.jpg?t=1489502944\"\n\t\t\tdata-image-id=\"600\"\n\t\t\tdata-image-name=\"010.jpg\"\n\t\t\tdata-title=\"Turus asuv meremuuseum Forum Marinum. S\u00f5jalaev Karjala\"\n\t\t\tdata-description=\"\"\n\t\t\tdata-image-slug=\"010-2\"\n\t\t\t\t\t\t\t\t\t\t\t\t\t\t\t\t\t\t\t\tclass='thickbox' rel='f3e10ed37b8ebc179857f7ad36075406'>\n\t\t\t\t\t\t\t\t<img\n\t\t\t\t\ttitle=\"Turus asuv meremuuseum Forum Marinum. S\u00f5jalaev Karjala\"\n\t\t\t\t\talt=\"Turus asuv meremuuseum Forum Marinum. S\u00f5jalaev Karjala\"\n\t\t\t\t\tsrc=\"https:\/\/www.juhe.ee\/foto\/wp-content\/gallery\/northern-region\/thumbs\/thumbs_010.jpg?t=1489502944\"\n\t\t\t\t\twidth=\"280\"\n\t\t\t\t\theight=\"187\"\n\t\t\t\t\tstyle=\"max-width:100%;\"\n\t\t\t\t\/>\n\t\t\t<\/a>\n\t\t<\/div>\n\t\t\t\t\t\t\t<\/div>\n\t\t\t\n\t\t\t\t<div id=\"ngg-image-10\" class=\"ngg-gallery-thumbnail-box\n\t\t\t\t\t\t\t\t\t\t\t\"\n\t\t\t>\n\t\t\t\t\t\t<div class=\"ngg-gallery-thumbnail\">\n\t\t<a href=\"https:\/\/www.juhe.ee\/foto\/wp-content\/gallery\/northern-region\/011.jpg?t=1489502946\"\n\t\t\ttitle=\"\"\n\t\t\tdata-src=\"https:\/\/www.juhe.ee\/foto\/wp-content\/gallery\/northern-region\/011.jpg?t=1489502946\"\n\t\t\tdata-thumbnail=\"https:\/\/www.juhe.ee\/foto\/wp-content\/gallery\/northern-region\/thumbs\/thumbs_011.jpg?t=1489502946\"\n\t\t\tdata-image-id=\"601\"\n\t\t\tdata-image-name=\"011.jpg\"\n\t\t\tdata-title=\"Forum Marinum. Vaade 1960ndate kaunitari, Bore, kaptenisillalt. http:\/\/en.wikipedia.org\/wiki\/MS_Bore\"\n\t\t\tdata-description=\"\"\n\t\t\tdata-image-slug=\"011-2\"\n\t\t\t\t\t\t\t\t\t\t\t\t\t\t\t\t\t\t\t\tclass='thickbox' rel='f3e10ed37b8ebc179857f7ad36075406'>\n\t\t\t\t\t\t\t\t<img\n\t\t\t\t\ttitle=\"Forum Marinum. Vaade 1960ndate kaunitari, Bore, kaptenisillalt. http:\/\/en.wikipedia.org\/wiki\/MS_Bore\"\n\t\t\t\t\talt=\"Forum Marinum. Vaade 1960ndate kaunitari, Bore, kaptenisillalt. http:\/\/en.wikipedia.org\/wiki\/MS_Bore\"\n\t\t\t\t\tsrc=\"https:\/\/www.juhe.ee\/foto\/wp-content\/gallery\/northern-region\/thumbs\/thumbs_011.jpg?t=1489502946\"\n\t\t\t\t\twidth=\"280\"\n\t\t\t\t\theight=\"187\"\n\t\t\t\t\tstyle=\"max-width:100%;\"\n\t\t\t\t\/>\n\t\t\t<\/a>\n\t\t<\/div>\n\t\t\t\t\t\t\t<\/div>\n\t\t\t\n\t\t\t\t<div id=\"ngg-image-11\" class=\"ngg-gallery-thumbnail-box\n\t\t\t\t\t\t\t\t\t\t\t\"\n\t\t\t>\n\t\t\t\t\t\t<div class=\"ngg-gallery-thumbnail\">\n\t\t<a href=\"https:\/\/www.juhe.ee\/foto\/wp-content\/gallery\/northern-region\/012.jpg?t=1489502948\"\n\t\t\ttitle=\"\"\n\t\t\tdata-src=\"https:\/\/www.juhe.ee\/foto\/wp-content\/gallery\/northern-region\/012.jpg?t=1489502948\"\n\t\t\tdata-thumbnail=\"https:\/\/www.juhe.ee\/foto\/wp-content\/gallery\/northern-region\/thumbs\/thumbs_012.jpg?t=1489502948\"\n\t\t\tdata-image-id=\"602\"\n\t\t\tdata-image-name=\"012.jpg\"\n\t\t\tdata-title=\"Forum Marinum. Bore laeva hirmutavad k\u00e4ed\"\n\t\t\tdata-description=\"\"\n\t\t\tdata-image-slug=\"012-2\"\n\t\t\t\t\t\t\t\t\t\t\t\t\t\t\t\t\t\t\t\tclass='thickbox' rel='f3e10ed37b8ebc179857f7ad36075406'>\n\t\t\t\t\t\t\t\t<img\n\t\t\t\t\ttitle=\"Forum Marinum. Bore laeva hirmutavad k\u00e4ed\"\n\t\t\t\t\talt=\"Forum Marinum. Bore laeva hirmutavad k\u00e4ed\"\n\t\t\t\t\tsrc=\"https:\/\/www.juhe.ee\/foto\/wp-content\/gallery\/northern-region\/thumbs\/thumbs_012.jpg?t=1489502948\"\n\t\t\t\t\twidth=\"280\"\n\t\t\t\t\theight=\"187\"\n\t\t\t\t\tstyle=\"max-width:100%;\"\n\t\t\t\t\/>\n\t\t\t<\/a>\n\t\t<\/div>\n\t\t\t\t\t\t\t<\/div>\n\t\t\t\n\t\t\t\t<div id=\"ngg-image-12\" class=\"ngg-gallery-thumbnail-box\n\t\t\t\t\t\t\t\t\t\t\t\"\n\t\t\t>\n\t\t\t\t\t\t<div class=\"ngg-gallery-thumbnail\">\n\t\t<a href=\"https:\/\/www.juhe.ee\/foto\/wp-content\/gallery\/northern-region\/013.jpg?t=1489502949\"\n\t\t\ttitle=\"\"\n\t\t\tdata-src=\"https:\/\/www.juhe.ee\/foto\/wp-content\/gallery\/northern-region\/013.jpg?t=1489502949\"\n\t\t\tdata-thumbnail=\"https:\/\/www.juhe.ee\/foto\/wp-content\/gallery\/northern-region\/thumbs\/thumbs_013.jpg?t=1489502949\"\n\t\t\tdata-image-id=\"603\"\n\t\t\tdata-image-name=\"013.jpg\"\n\t\t\tdata-title=\"Forum Marinum. S\u00f5jalaev Keih\u00e4ssalmi\"\n\t\t\tdata-description=\"\"\n\t\t\tdata-image-slug=\"013-2\"\n\t\t\t\t\t\t\t\t\t\t\t\t\t\t\t\t\t\t\t\tclass='thickbox' rel='f3e10ed37b8ebc179857f7ad36075406'>\n\t\t\t\t\t\t\t\t<img\n\t\t\t\t\ttitle=\"Forum Marinum. S\u00f5jalaev Keih\u00e4ssalmi\"\n\t\t\t\t\talt=\"Forum Marinum. S\u00f5jalaev Keih\u00e4ssalmi\"\n\t\t\t\t\tsrc=\"https:\/\/www.juhe.ee\/foto\/wp-content\/gallery\/northern-region\/thumbs\/thumbs_013.jpg?t=1489502949\"\n\t\t\t\t\twidth=\"280\"\n\t\t\t\t\theight=\"187\"\n\t\t\t\t\tstyle=\"max-width:100%;\"\n\t\t\t\t\/>\n\t\t\t<\/a>\n\t\t<\/div>\n\t\t\t\t\t\t\t<\/div>\n\t\t\t\n\t\t\t\t<div id=\"ngg-image-13\" class=\"ngg-gallery-thumbnail-box\n\t\t\t\t\t\t\t\t\t\t\t\"\n\t\t\t>\n\t\t\t\t\t\t<div class=\"ngg-gallery-thumbnail\">\n\t\t<a href=\"https:\/\/www.juhe.ee\/foto\/wp-content\/gallery\/northern-region\/014.jpg?t=1489502951\"\n\t\t\ttitle=\"\"\n\t\t\tdata-src=\"https:\/\/www.juhe.ee\/foto\/wp-content\/gallery\/northern-region\/014.jpg?t=1489502951\"\n\t\t\tdata-thumbnail=\"https:\/\/www.juhe.ee\/foto\/wp-content\/gallery\/northern-region\/thumbs\/thumbs_014.jpg?t=1489502951\"\n\t\t\tdata-image-id=\"604\"\n\t\t\tdata-image-name=\"014.jpg\"\n\t\t\tdata-title=\"Forum Marinum. S\u00f5jalaev Keih\u00e4ssalmi. M\u00f5ned mehed on maha j\u00e4\u00e4nud...\"\n\t\t\tdata-description=\"\"\n\t\t\tdata-image-slug=\"forum-marinum-sojalaev-keihassalmi-moned-mehed-on-maha-jaanud-1\"\n\t\t\t\t\t\t\t\t\t\t\t\t\t\t\t\t\t\t\t\tclass='thickbox' rel='f3e10ed37b8ebc179857f7ad36075406'>\n\t\t\t\t\t\t\t\t<img\n\t\t\t\t\ttitle=\"Forum Marinum. S\u00f5jalaev Keih\u00e4ssalmi. M\u00f5ned mehed on maha j\u00e4\u00e4nud...\"\n\t\t\t\t\talt=\"Forum Marinum. S\u00f5jalaev Keih\u00e4ssalmi. M\u00f5ned mehed on maha j\u00e4\u00e4nud...\"\n\t\t\t\t\tsrc=\"https:\/\/www.juhe.ee\/foto\/wp-content\/gallery\/northern-region\/thumbs\/thumbs_014.jpg?t=1489502951\"\n\t\t\t\t\twidth=\"280\"\n\t\t\t\t\theight=\"187\"\n\t\t\t\t\tstyle=\"max-width:100%;\"\n\t\t\t\t\/>\n\t\t\t<\/a>\n\t\t<\/div>\n\t\t\t\t\t\t\t<\/div>\n\t\t\t\n\t\t\t\t<div id=\"ngg-image-14\" class=\"ngg-gallery-thumbnail-box\n\t\t\t\t\t\t\t\t\t\t\t\"\n\t\t\t>\n\t\t\t\t\t\t<div class=\"ngg-gallery-thumbnail\">\n\t\t<a href=\"https:\/\/www.juhe.ee\/foto\/wp-content\/gallery\/northern-region\/015.jpg?t=1489502953\"\n\t\t\ttitle=\"\"\n\t\t\tdata-src=\"https:\/\/www.juhe.ee\/foto\/wp-content\/gallery\/northern-region\/015.jpg?t=1489502953\"\n\t\t\tdata-thumbnail=\"https:\/\/www.juhe.ee\/foto\/wp-content\/gallery\/northern-region\/thumbs\/thumbs_015.jpg?t=1489502953\"\n\t\t\tdata-image-id=\"605\"\n\t\t\tdata-image-name=\"015.jpg\"\n\t\t\tdata-title=\"Forum Marinum. Vaade \u00fclej\u00e4\u00e4nud laevapargile purjelaevalt Suomen Joutsen\"\n\t\t\tdata-description=\"\"\n\t\t\tdata-image-slug=\"015-2\"\n\t\t\t\t\t\t\t\t\t\t\t\t\t\t\t\t\t\t\t\tclass='thickbox' rel='f3e10ed37b8ebc179857f7ad36075406'>\n\t\t\t\t\t\t\t\t<img\n\t\t\t\t\ttitle=\"Forum Marinum. Vaade \u00fclej\u00e4\u00e4nud laevapargile purjelaevalt Suomen Joutsen\"\n\t\t\t\t\talt=\"Forum Marinum. Vaade \u00fclej\u00e4\u00e4nud laevapargile purjelaevalt Suomen Joutsen\"\n\t\t\t\t\tsrc=\"https:\/\/www.juhe.ee\/foto\/wp-content\/gallery\/northern-region\/thumbs\/thumbs_015.jpg?t=1489502953\"\n\t\t\t\t\twidth=\"280\"\n\t\t\t\t\theight=\"187\"\n\t\t\t\t\tstyle=\"max-width:100%;\"\n\t\t\t\t\/>\n\t\t\t<\/a>\n\t\t<\/div>\n\t\t\t\t\t\t\t<\/div>\n\t\t\t\n\t\t\t\t<div id=\"ngg-image-15\" class=\"ngg-gallery-thumbnail-box\n\t\t\t\t\t\t\t\t\t\t\t\"\n\t\t\t>\n\t\t\t\t\t\t<div class=\"ngg-gallery-thumbnail\">\n\t\t<a href=\"https:\/\/www.juhe.ee\/foto\/wp-content\/gallery\/northern-region\/016.jpg?t=1489502955\"\n\t\t\ttitle=\"\"\n\t\t\tdata-src=\"https:\/\/www.juhe.ee\/foto\/wp-content\/gallery\/northern-region\/016.jpg?t=1489502955\"\n\t\t\tdata-thumbnail=\"https:\/\/www.juhe.ee\/foto\/wp-content\/gallery\/northern-region\/thumbs\/thumbs_016.jpg?t=1489502955\"\n\t\t\tdata-image-id=\"606\"\n\t\t\tdata-image-name=\"016.jpg\"\n\t\t\tdata-title=\"Forum Marinum. Purjelaeval Suomen Joutsen\"\n\t\t\tdata-description=\"\"\n\t\t\tdata-image-slug=\"016-2\"\n\t\t\t\t\t\t\t\t\t\t\t\t\t\t\t\t\t\t\t\tclass='thickbox' rel='f3e10ed37b8ebc179857f7ad36075406'>\n\t\t\t\t\t\t\t\t<img\n\t\t\t\t\ttitle=\"Forum Marinum. Purjelaeval Suomen Joutsen\"\n\t\t\t\t\talt=\"Forum Marinum. Purjelaeval Suomen Joutsen\"\n\t\t\t\t\tsrc=\"https:\/\/www.juhe.ee\/foto\/wp-content\/gallery\/northern-region\/thumbs\/thumbs_016.jpg?t=1489502955\"\n\t\t\t\t\twidth=\"280\"\n\t\t\t\t\theight=\"187\"\n\t\t\t\t\tstyle=\"max-width:100%;\"\n\t\t\t\t\/>\n\t\t\t<\/a>\n\t\t<\/div>\n\t\t\t\t\t\t\t<\/div>\n\t\t\t\n\t\t\t\t<div id=\"ngg-image-16\" class=\"ngg-gallery-thumbnail-box\n\t\t\t\t\t\t\t\t\t\t\t\"\n\t\t\t>\n\t\t\t\t\t\t<div class=\"ngg-gallery-thumbnail\">\n\t\t<a href=\"https:\/\/www.juhe.ee\/foto\/wp-content\/gallery\/northern-region\/017.jpg?t=1489502957\"\n\t\t\ttitle=\"\"\n\t\t\tdata-src=\"https:\/\/www.juhe.ee\/foto\/wp-content\/gallery\/northern-region\/017.jpg?t=1489502957\"\n\t\t\tdata-thumbnail=\"https:\/\/www.juhe.ee\/foto\/wp-content\/gallery\/northern-region\/thumbs\/thumbs_017.jpg?t=1489502957\"\n\t\t\tdata-image-id=\"607\"\n\t\t\tdata-image-name=\"017.jpg\"\n\t\t\tdata-title=\"Forum Marinum. Paadimootorite kollektsioon\"\n\t\t\tdata-description=\"\"\n\t\t\tdata-image-slug=\"017-2\"\n\t\t\t\t\t\t\t\t\t\t\t\t\t\t\t\t\t\t\t\tclass='thickbox' rel='f3e10ed37b8ebc179857f7ad36075406'>\n\t\t\t\t\t\t\t\t<img\n\t\t\t\t\ttitle=\"Forum Marinum. Paadimootorite kollektsioon\"\n\t\t\t\t\talt=\"Forum Marinum. Paadimootorite kollektsioon\"\n\t\t\t\t\tsrc=\"https:\/\/www.juhe.ee\/foto\/wp-content\/gallery\/northern-region\/thumbs\/thumbs_017.jpg?t=1489502957\"\n\t\t\t\t\twidth=\"280\"\n\t\t\t\t\theight=\"187\"\n\t\t\t\t\tstyle=\"max-width:100%;\"\n\t\t\t\t\/>\n\t\t\t<\/a>\n\t\t<\/div>\n\t\t\t\t\t\t\t<\/div>\n\t\t\t\n\t\t\t\t<div id=\"ngg-image-17\" class=\"ngg-gallery-thumbnail-box\n\t\t\t\t\t\t\t\t\t\t\t\"\n\t\t\t>\n\t\t\t\t\t\t<div class=\"ngg-gallery-thumbnail\">\n\t\t<a href=\"https:\/\/www.juhe.ee\/foto\/wp-content\/gallery\/northern-region\/018.jpg?t=1489502959\"\n\t\t\ttitle=\"\"\n\t\t\tdata-src=\"https:\/\/www.juhe.ee\/foto\/wp-content\/gallery\/northern-region\/018.jpg?t=1489502959\"\n\t\t\tdata-thumbnail=\"https:\/\/www.juhe.ee\/foto\/wp-content\/gallery\/northern-region\/thumbs\/thumbs_018.jpg?t=1489502959\"\n\t\t\tdata-image-id=\"608\"\n\t\t\tdata-image-name=\"018.jpg\"\n\t\t\tdata-title=\"Forum Marinum. V\u00e4ike armas j\u00e4\u00e4l\u00f5hkuja :)\"\n\t\t\tdata-description=\"\"\n\t\t\tdata-image-slug=\"018-2\"\n\t\t\t\t\t\t\t\t\t\t\t\t\t\t\t\t\t\t\t\tclass='thickbox' rel='f3e10ed37b8ebc179857f7ad36075406'>\n\t\t\t\t\t\t\t\t<img\n\t\t\t\t\ttitle=\"Forum Marinum. V\u00e4ike armas j\u00e4\u00e4l\u00f5hkuja :)\"\n\t\t\t\t\talt=\"Forum Marinum. V\u00e4ike armas j\u00e4\u00e4l\u00f5hkuja :)\"\n\t\t\t\t\tsrc=\"https:\/\/www.juhe.ee\/foto\/wp-content\/gallery\/northern-region\/thumbs\/thumbs_018.jpg?t=1489502959\"\n\t\t\t\t\twidth=\"280\"\n\t\t\t\t\theight=\"187\"\n\t\t\t\t\tstyle=\"max-width:100%;\"\n\t\t\t\t\/>\n\t\t\t<\/a>\n\t\t<\/div>\n\t\t\t\t\t\t\t<\/div>\n\t\t\t\n\t\t\t\t<div id=\"ngg-image-18\" class=\"ngg-gallery-thumbnail-box\n\t\t\t\t\t\t\t\t\t\t\t\"\n\t\t\t>\n\t\t\t\t\t\t<div class=\"ngg-gallery-thumbnail\">\n\t\t<a href=\"https:\/\/www.juhe.ee\/foto\/wp-content\/gallery\/northern-region\/019.jpg?t=1489502961\"\n\t\t\ttitle=\"\"\n\t\t\tdata-src=\"https:\/\/www.juhe.ee\/foto\/wp-content\/gallery\/northern-region\/019.jpg?t=1489502961\"\n\t\t\tdata-thumbnail=\"https:\/\/www.juhe.ee\/foto\/wp-content\/gallery\/northern-region\/thumbs\/thumbs_019.jpg?t=1489502961\"\n\t\t\tdata-image-id=\"609\"\n\t\t\tdata-image-name=\"019.jpg\"\n\t\t\tdata-title=\"Vahepeatus teel Turust Porisse\"\n\t\t\tdata-description=\"\"\n\t\t\tdata-image-slug=\"019-2\"\n\t\t\t\t\t\t\t\t\t\t\t\t\t\t\t\t\t\t\t\tclass='thickbox' rel='f3e10ed37b8ebc179857f7ad36075406'>\n\t\t\t\t\t\t\t\t<img\n\t\t\t\t\ttitle=\"Vahepeatus teel Turust Porisse\"\n\t\t\t\t\talt=\"Vahepeatus teel Turust Porisse\"\n\t\t\t\t\tsrc=\"https:\/\/www.juhe.ee\/foto\/wp-content\/gallery\/northern-region\/thumbs\/thumbs_019.jpg?t=1489502961\"\n\t\t\t\t\twidth=\"280\"\n\t\t\t\t\theight=\"187\"\n\t\t\t\t\tstyle=\"max-width:100%;\"\n\t\t\t\t\/>\n\t\t\t<\/a>\n\t\t<\/div>\n\t\t\t\t\t\t\t<\/div>\n\t\t\t\n\t\t\t\t<div id=\"ngg-image-19\" class=\"ngg-gallery-thumbnail-box\n\t\t\t\t\t\t\t\t\t\t\t\"\n\t\t\t>\n\t\t\t\t\t\t<div class=\"ngg-gallery-thumbnail\">\n\t\t<a href=\"https:\/\/www.juhe.ee\/foto\/wp-content\/gallery\/northern-region\/020.jpg?t=1489502963\"\n\t\t\ttitle=\"\"\n\t\t\tdata-src=\"https:\/\/www.juhe.ee\/foto\/wp-content\/gallery\/northern-region\/020.jpg?t=1489502963\"\n\t\t\tdata-thumbnail=\"https:\/\/www.juhe.ee\/foto\/wp-content\/gallery\/northern-region\/thumbs\/thumbs_020.jpg?t=1489502963\"\n\t\t\tdata-image-id=\"610\"\n\t\t\tdata-image-name=\"020.jpg\"\n\t\t\tdata-title=\"Pori Jazz 2013. Young Talent Showcase\"\n\t\t\tdata-description=\"\"\n\t\t\tdata-image-slug=\"020-2\"\n\t\t\t\t\t\t\t\t\t\t\t\t\t\t\t\t\t\t\t\tclass='thickbox' rel='f3e10ed37b8ebc179857f7ad36075406'>\n\t\t\t\t\t\t\t\t<img\n\t\t\t\t\ttitle=\"Pori Jazz 2013. Young Talent Showcase\"\n\t\t\t\t\talt=\"Pori Jazz 2013. Young Talent Showcase\"\n\t\t\t\t\tsrc=\"https:\/\/www.juhe.ee\/foto\/wp-content\/gallery\/northern-region\/thumbs\/thumbs_020.jpg?t=1489502963\"\n\t\t\t\t\twidth=\"280\"\n\t\t\t\t\theight=\"187\"\n\t\t\t\t\tstyle=\"max-width:100%;\"\n\t\t\t\t\/>\n\t\t\t<\/a>\n\t\t<\/div>\n\t\t\t\t\t\t\t<\/div>\n\t\t\t\n\t\t\t\t<div id=\"ngg-image-20\" class=\"ngg-gallery-thumbnail-box\n\t\t\t\t\t\t\t\t\t\t\t\"\n\t\t\t>\n\t\t\t\t\t\t<div class=\"ngg-gallery-thumbnail\">\n\t\t<a href=\"https:\/\/www.juhe.ee\/foto\/wp-content\/gallery\/northern-region\/021.JPG?t=1489502964\"\n\t\t\ttitle=\"\"\n\t\t\tdata-src=\"https:\/\/www.juhe.ee\/foto\/wp-content\/gallery\/northern-region\/021.JPG?t=1489502964\"\n\t\t\tdata-thumbnail=\"https:\/\/www.juhe.ee\/foto\/wp-content\/gallery\/northern-region\/thumbs\/thumbs_021.JPG?t=1489502964\"\n\t\t\tdata-image-id=\"611\"\n\t\t\tdata-image-name=\"021.JPG\"\n\t\t\tdata-title=\"Pori. Kirjurinluoto saarel lab\u00fcrinti eksinud\"\n\t\t\tdata-description=\"\"\n\t\t\tdata-image-slug=\"021-2\"\n\t\t\t\t\t\t\t\t\t\t\t\t\t\t\t\t\t\t\t\tclass='thickbox' rel='f3e10ed37b8ebc179857f7ad36075406'>\n\t\t\t\t\t\t\t\t<img\n\t\t\t\t\ttitle=\"Pori. Kirjurinluoto saarel lab\u00fcrinti eksinud\"\n\t\t\t\t\talt=\"Pori. Kirjurinluoto saarel lab\u00fcrinti eksinud\"\n\t\t\t\t\tsrc=\"https:\/\/www.juhe.ee\/foto\/wp-content\/gallery\/northern-region\/thumbs\/thumbs_021.JPG?t=1489502964\"\n\t\t\t\t\twidth=\"280\"\n\t\t\t\t\theight=\"187\"\n\t\t\t\t\tstyle=\"max-width:100%;\"\n\t\t\t\t\/>\n\t\t\t<\/a>\n\t\t<\/div>\n\t\t\t\t\t\t\t<\/div>\n\t\t\t\n\t\t\t\t<div id=\"ngg-image-21\" class=\"ngg-gallery-thumbnail-box\n\t\t\t\t\t\t\t\t\t\t\t\"\n\t\t\t>\n\t\t\t\t\t\t<div class=\"ngg-gallery-thumbnail\">\n\t\t<a href=\"https:\/\/www.juhe.ee\/foto\/wp-content\/gallery\/northern-region\/022.jpg?t=1489502966\"\n\t\t\ttitle=\"\"\n\t\t\tdata-src=\"https:\/\/www.juhe.ee\/foto\/wp-content\/gallery\/northern-region\/022.jpg?t=1489502966\"\n\t\t\tdata-thumbnail=\"https:\/\/www.juhe.ee\/foto\/wp-content\/gallery\/northern-region\/thumbs\/thumbs_022.jpg?t=1489502966\"\n\t\t\tdata-image-id=\"612\"\n\t\t\tdata-image-name=\"022.jpg\"\n\t\t\tdata-title=\"Pori, Kirjurinluoto saar. Harjutusv\u00e4ljak algajatele liiklushuligaanidele\"\n\t\t\tdata-description=\"\"\n\t\t\tdata-image-slug=\"022-2\"\n\t\t\t\t\t\t\t\t\t\t\t\t\t\t\t\t\t\t\t\tclass='thickbox' rel='f3e10ed37b8ebc179857f7ad36075406'>\n\t\t\t\t\t\t\t\t<img\n\t\t\t\t\ttitle=\"Pori, Kirjurinluoto saar. Harjutusv\u00e4ljak algajatele liiklushuligaanidele\"\n\t\t\t\t\talt=\"Pori, Kirjurinluoto saar. Harjutusv\u00e4ljak algajatele liiklushuligaanidele\"\n\t\t\t\t\tsrc=\"https:\/\/www.juhe.ee\/foto\/wp-content\/gallery\/northern-region\/thumbs\/thumbs_022.jpg?t=1489502966\"\n\t\t\t\t\twidth=\"280\"\n\t\t\t\t\theight=\"187\"\n\t\t\t\t\tstyle=\"max-width:100%;\"\n\t\t\t\t\/>\n\t\t\t<\/a>\n\t\t<\/div>\n\t\t\t\t\t\t\t<\/div>\n\t\t\t\n\t\t\t\t<div id=\"ngg-image-22\" class=\"ngg-gallery-thumbnail-box\n\t\t\t\t\t\t\t\t\t\t\t\"\n\t\t\t>\n\t\t\t\t\t\t<div class=\"ngg-gallery-thumbnail\">\n\t\t<a href=\"https:\/\/www.juhe.ee\/foto\/wp-content\/gallery\/northern-region\/023.jpg?t=1489502968\"\n\t\t\ttitle=\"\"\n\t\t\tdata-src=\"https:\/\/www.juhe.ee\/foto\/wp-content\/gallery\/northern-region\/023.jpg?t=1489502968\"\n\t\t\tdata-thumbnail=\"https:\/\/www.juhe.ee\/foto\/wp-content\/gallery\/northern-region\/thumbs\/thumbs_023.jpg?t=1489502968\"\n\t\t\tdata-image-id=\"613\"\n\t\t\tdata-image-name=\"023.jpg\"\n\t\t\tdata-title=\"Pori, Kirjurinluoto saar. Lootusetult bussi ootamas\"\n\t\t\tdata-description=\"\"\n\t\t\tdata-image-slug=\"023-2\"\n\t\t\t\t\t\t\t\t\t\t\t\t\t\t\t\t\t\t\t\tclass='thickbox' rel='f3e10ed37b8ebc179857f7ad36075406'>\n\t\t\t\t\t\t\t\t<img\n\t\t\t\t\ttitle=\"Pori, Kirjurinluoto saar. Lootusetult bussi ootamas\"\n\t\t\t\t\talt=\"Pori, Kirjurinluoto saar. Lootusetult bussi ootamas\"\n\t\t\t\t\tsrc=\"https:\/\/www.juhe.ee\/foto\/wp-content\/gallery\/northern-region\/thumbs\/thumbs_023.jpg?t=1489502968\"\n\t\t\t\t\twidth=\"280\"\n\t\t\t\t\theight=\"187\"\n\t\t\t\t\tstyle=\"max-width:100%;\"\n\t\t\t\t\/>\n\t\t\t<\/a>\n\t\t<\/div>\n\t\t\t\t\t\t\t<\/div>\n\t\t\t\n\t\t\t\t<div id=\"ngg-image-23\" class=\"ngg-gallery-thumbnail-box\n\t\t\t\t\t\t\t\t\t\t\t\"\n\t\t\t>\n\t\t\t\t\t\t<div class=\"ngg-gallery-thumbnail\">\n\t\t<a href=\"https:\/\/www.juhe.ee\/foto\/wp-content\/gallery\/northern-region\/024.jpg?t=1489502970\"\n\t\t\ttitle=\"\"\n\t\t\tdata-src=\"https:\/\/www.juhe.ee\/foto\/wp-content\/gallery\/northern-region\/024.jpg?t=1489502970\"\n\t\t\tdata-thumbnail=\"https:\/\/www.juhe.ee\/foto\/wp-content\/gallery\/northern-region\/thumbs\/thumbs_024.jpg?t=1489502970\"\n\t\t\tdata-image-id=\"614\"\n\t\t\tdata-image-name=\"024.jpg\"\n\t\t\tdata-title=\"Yyteri. Jahe hommik ja s\u00fcgavamale minna ei julgenud\"\n\t\t\tdata-description=\"\"\n\t\t\tdata-image-slug=\"024-2\"\n\t\t\t\t\t\t\t\t\t\t\t\t\t\t\t\t\t\t\t\tclass='thickbox' rel='f3e10ed37b8ebc179857f7ad36075406'>\n\t\t\t\t\t\t\t\t<img\n\t\t\t\t\ttitle=\"Yyteri. Jahe hommik ja s\u00fcgavamale minna ei julgenud\"\n\t\t\t\t\talt=\"Yyteri. Jahe hommik ja s\u00fcgavamale minna ei julgenud\"\n\t\t\t\t\tsrc=\"https:\/\/www.juhe.ee\/foto\/wp-content\/gallery\/northern-region\/thumbs\/thumbs_024.jpg?t=1489502970\"\n\t\t\t\t\twidth=\"280\"\n\t\t\t\t\theight=\"187\"\n\t\t\t\t\tstyle=\"max-width:100%;\"\n\t\t\t\t\/>\n\t\t\t<\/a>\n\t\t<\/div>\n\t\t\t\t\t\t\t<\/div>\n\t\t\t\n\t\t\t\t<div id=\"ngg-image-24\" class=\"ngg-gallery-thumbnail-box\n\t\t\t\t\t\t\t\t\t\t\t\"\n\t\t\t>\n\t\t\t\t\t\t<div class=\"ngg-gallery-thumbnail\">\n\t\t<a href=\"https:\/\/www.juhe.ee\/foto\/wp-content\/gallery\/northern-region\/025.jpg?t=1489502972\"\n\t\t\ttitle=\"\"\n\t\t\tdata-src=\"https:\/\/www.juhe.ee\/foto\/wp-content\/gallery\/northern-region\/025.jpg?t=1489502972\"\n\t\t\tdata-thumbnail=\"https:\/\/www.juhe.ee\/foto\/wp-content\/gallery\/northern-region\/thumbs\/thumbs_025.jpg?t=1489502972\"\n\t\t\tdata-image-id=\"615\"\n\t\t\tdata-image-name=\"025.jpg\"\n\t\t\tdata-title=\"Yyteri. Vaade merelt\"\n\t\t\tdata-description=\"\"\n\t\t\tdata-image-slug=\"025-2\"\n\t\t\t\t\t\t\t\t\t\t\t\t\t\t\t\t\t\t\t\tclass='thickbox' rel='f3e10ed37b8ebc179857f7ad36075406'>\n\t\t\t\t\t\t\t\t<img\n\t\t\t\t\ttitle=\"Yyteri. Vaade merelt\"\n\t\t\t\t\talt=\"Yyteri. Vaade merelt\"\n\t\t\t\t\tsrc=\"https:\/\/www.juhe.ee\/foto\/wp-content\/gallery\/northern-region\/thumbs\/thumbs_025.jpg?t=1489502972\"\n\t\t\t\t\twidth=\"280\"\n\t\t\t\t\theight=\"187\"\n\t\t\t\t\tstyle=\"max-width:100%;\"\n\t\t\t\t\/>\n\t\t\t<\/a>\n\t\t<\/div>\n\t\t\t\t\t\t\t<\/div>\n\t\t\t\n\t\t\t\t<div id=\"ngg-image-25\" class=\"ngg-gallery-thumbnail-box\n\t\t\t\t\t\t\t\t\t\t\t\"\n\t\t\t>\n\t\t\t\t\t\t<div class=\"ngg-gallery-thumbnail\">\n\t\t<a href=\"https:\/\/www.juhe.ee\/foto\/wp-content\/gallery\/northern-region\/026.jpg?t=1489502974\"\n\t\t\ttitle=\"\"\n\t\t\tdata-src=\"https:\/\/www.juhe.ee\/foto\/wp-content\/gallery\/northern-region\/026.jpg?t=1489502974\"\n\t\t\tdata-thumbnail=\"https:\/\/www.juhe.ee\/foto\/wp-content\/gallery\/northern-region\/thumbs\/thumbs_026.jpg?t=1489502974\"\n\t\t\tdata-image-id=\"616\"\n\t\t\tdata-image-name=\"026.jpg\"\n\t\t\tdata-title=\"Vaasa kesklinn\"\n\t\t\tdata-description=\"\"\n\t\t\tdata-image-slug=\"026-2\"\n\t\t\t\t\t\t\t\t\t\t\t\t\t\t\t\t\t\t\t\tclass='thickbox' rel='f3e10ed37b8ebc179857f7ad36075406'>\n\t\t\t\t\t\t\t\t<img\n\t\t\t\t\ttitle=\"Vaasa kesklinn\"\n\t\t\t\t\talt=\"Vaasa kesklinn\"\n\t\t\t\t\tsrc=\"https:\/\/www.juhe.ee\/foto\/wp-content\/gallery\/northern-region\/thumbs\/thumbs_026.jpg?t=1489502974\"\n\t\t\t\t\twidth=\"280\"\n\t\t\t\t\theight=\"187\"\n\t\t\t\t\tstyle=\"max-width:100%;\"\n\t\t\t\t\/>\n\t\t\t<\/a>\n\t\t<\/div>\n\t\t\t\t\t\t\t<\/div>\n\t\t\t\n\t\t\t\t<div id=\"ngg-image-26\" class=\"ngg-gallery-thumbnail-box\n\t\t\t\t\t\t\t\t\t\t\t\"\n\t\t\t>\n\t\t\t\t\t\t<div class=\"ngg-gallery-thumbnail\">\n\t\t<a href=\"https:\/\/www.juhe.ee\/foto\/wp-content\/gallery\/northern-region\/027.jpg?t=1489502976\"\n\t\t\ttitle=\"\"\n\t\t\tdata-src=\"https:\/\/www.juhe.ee\/foto\/wp-content\/gallery\/northern-region\/027.jpg?t=1489502976\"\n\t\t\tdata-thumbnail=\"https:\/\/www.juhe.ee\/foto\/wp-content\/gallery\/northern-region\/thumbs\/thumbs_027.jpg?t=1489502976\"\n\t\t\tdata-image-id=\"617\"\n\t\t\tdata-image-name=\"027.jpg\"\n\t\t\tdata-title=\"Vaasa. Purskkaev!\"\n\t\t\tdata-description=\"\"\n\t\t\tdata-image-slug=\"027-2\"\n\t\t\t\t\t\t\t\t\t\t\t\t\t\t\t\t\t\t\t\tclass='thickbox' rel='f3e10ed37b8ebc179857f7ad36075406'>\n\t\t\t\t\t\t\t\t<img\n\t\t\t\t\ttitle=\"Vaasa. Purskkaev!\"\n\t\t\t\t\talt=\"Vaasa. Purskkaev!\"\n\t\t\t\t\tsrc=\"https:\/\/www.juhe.ee\/foto\/wp-content\/gallery\/northern-region\/thumbs\/thumbs_027.jpg?t=1489502976\"\n\t\t\t\t\twidth=\"280\"\n\t\t\t\t\theight=\"187\"\n\t\t\t\t\tstyle=\"max-width:100%;\"\n\t\t\t\t\/>\n\t\t\t<\/a>\n\t\t<\/div>\n\t\t\t\t\t\t\t<\/div>\n\t\t\t\n\t\t\t\t<div id=\"ngg-image-27\" class=\"ngg-gallery-thumbnail-box\n\t\t\t\t\t\t\t\t\t\t\t\"\n\t\t\t>\n\t\t\t\t\t\t<div class=\"ngg-gallery-thumbnail\">\n\t\t<a href=\"https:\/\/www.juhe.ee\/foto\/wp-content\/gallery\/northern-region\/028.jpg?t=1489502978\"\n\t\t\ttitle=\"\"\n\t\t\tdata-src=\"https:\/\/www.juhe.ee\/foto\/wp-content\/gallery\/northern-region\/028.jpg?t=1489502978\"\n\t\t\tdata-thumbnail=\"https:\/\/www.juhe.ee\/foto\/wp-content\/gallery\/northern-region\/thumbs\/thumbs_028.jpg?t=1489502978\"\n\t\t\tdata-image-id=\"618\"\n\t\t\tdata-image-name=\"028.jpg\"\n\t\t\tdata-title=\"Kemi. Botnia lahe \u00fclemine ots\"\n\t\t\tdata-description=\"\"\n\t\t\tdata-image-slug=\"028-2\"\n\t\t\t\t\t\t\t\t\t\t\t\t\t\t\t\t\t\t\t\tclass='thickbox' rel='f3e10ed37b8ebc179857f7ad36075406'>\n\t\t\t\t\t\t\t\t<img\n\t\t\t\t\ttitle=\"Kemi. Botnia lahe \u00fclemine ots\"\n\t\t\t\t\talt=\"Kemi. Botnia lahe \u00fclemine ots\"\n\t\t\t\t\tsrc=\"https:\/\/www.juhe.ee\/foto\/wp-content\/gallery\/northern-region\/thumbs\/thumbs_028.jpg?t=1489502978\"\n\t\t\t\t\twidth=\"280\"\n\t\t\t\t\theight=\"187\"\n\t\t\t\t\tstyle=\"max-width:100%;\"\n\t\t\t\t\/>\n\t\t\t<\/a>\n\t\t<\/div>\n\t\t\t\t\t\t\t<\/div>\n\t\t\t\n\t\t\t\t<div id=\"ngg-image-28\" class=\"ngg-gallery-thumbnail-box\n\t\t\t\t\t\t\t\t\t\t\t\"\n\t\t\t>\n\t\t\t\t\t\t<div class=\"ngg-gallery-thumbnail\">\n\t\t<a href=\"https:\/\/www.juhe.ee\/foto\/wp-content\/gallery\/northern-region\/029.jpg?t=1489502980\"\n\t\t\ttitle=\"\"\n\t\t\tdata-src=\"https:\/\/www.juhe.ee\/foto\/wp-content\/gallery\/northern-region\/029.jpg?t=1489502980\"\n\t\t\tdata-thumbnail=\"https:\/\/www.juhe.ee\/foto\/wp-content\/gallery\/northern-region\/thumbs\/thumbs_029.jpg?t=1489502980\"\n\t\t\tdata-image-id=\"619\"\n\t\t\tdata-image-name=\"029.jpg\"\n\t\t\tdata-title=\"Kemi. Justkui Rocca al Mare, aga jahedam\"\n\t\t\tdata-description=\"\"\n\t\t\tdata-image-slug=\"029-2\"\n\t\t\t\t\t\t\t\t\t\t\t\t\t\t\t\t\t\t\t\tclass='thickbox' rel='f3e10ed37b8ebc179857f7ad36075406'>\n\t\t\t\t\t\t\t\t<img\n\t\t\t\t\ttitle=\"Kemi. Justkui Rocca al Mare, aga jahedam\"\n\t\t\t\t\talt=\"Kemi. Justkui Rocca al Mare, aga jahedam\"\n\t\t\t\t\tsrc=\"https:\/\/www.juhe.ee\/foto\/wp-content\/gallery\/northern-region\/thumbs\/thumbs_029.jpg?t=1489502980\"\n\t\t\t\t\twidth=\"280\"\n\t\t\t\t\theight=\"187\"\n\t\t\t\t\tstyle=\"max-width:100%;\"\n\t\t\t\t\/>\n\t\t\t<\/a>\n\t\t<\/div>\n\t\t\t\t\t\t\t<\/div>\n\t\t\t\n\t\t\t\t<div id=\"ngg-image-29\" class=\"ngg-gallery-thumbnail-box\n\t\t\t\t\t\t\t\t\t\t\t\"\n\t\t\t>\n\t\t\t\t\t\t<div class=\"ngg-gallery-thumbnail\">\n\t\t<a href=\"https:\/\/www.juhe.ee\/foto\/wp-content\/gallery\/northern-region\/030.jpg?t=1489502982\"\n\t\t\ttitle=\"\"\n\t\t\tdata-src=\"https:\/\/www.juhe.ee\/foto\/wp-content\/gallery\/northern-region\/030.jpg?t=1489502982\"\n\t\t\tdata-thumbnail=\"https:\/\/www.juhe.ee\/foto\/wp-content\/gallery\/northern-region\/thumbs\/thumbs_030.jpg?t=1489502982\"\n\t\t\tdata-image-id=\"620\"\n\t\t\tdata-image-name=\"030.jpg\"\n\t\t\tdata-title=\"Juoksengi. \u00dcletasime tingliku polaarjoone\"\n\t\t\tdata-description=\"\"\n\t\t\tdata-image-slug=\"juoksengi-uletasime-tingliku-polaarjoone-1\"\n\t\t\t\t\t\t\t\t\t\t\t\t\t\t\t\t\t\t\t\tclass='thickbox' rel='f3e10ed37b8ebc179857f7ad36075406'>\n\t\t\t\t\t\t\t\t<img\n\t\t\t\t\ttitle=\"Juoksengi. \u00dcletasime tingliku polaarjoone\"\n\t\t\t\t\talt=\"Juoksengi. \u00dcletasime tingliku polaarjoone\"\n\t\t\t\t\tsrc=\"https:\/\/www.juhe.ee\/foto\/wp-content\/gallery\/northern-region\/thumbs\/thumbs_030.jpg?t=1489502982\"\n\t\t\t\t\twidth=\"280\"\n\t\t\t\t\theight=\"187\"\n\t\t\t\t\tstyle=\"max-width:100%;\"\n\t\t\t\t\/>\n\t\t\t<\/a>\n\t\t<\/div>\n\t\t\t\t\t\t\t<\/div>\n\t\t\t\n\t\t\t\t<div id=\"ngg-image-30\" class=\"ngg-gallery-thumbnail-box\n\t\t\t\t\t\t\t\t\t\t\t\"\n\t\t\t>\n\t\t\t\t\t\t<div class=\"ngg-gallery-thumbnail\">\n\t\t<a href=\"https:\/\/www.juhe.ee\/foto\/wp-content\/gallery\/northern-region\/031.jpg?t=1489502984\"\n\t\t\ttitle=\"\"\n\t\t\tdata-src=\"https:\/\/www.juhe.ee\/foto\/wp-content\/gallery\/northern-region\/031.jpg?t=1489502984\"\n\t\t\tdata-thumbnail=\"https:\/\/www.juhe.ee\/foto\/wp-content\/gallery\/northern-region\/thumbs\/thumbs_031.jpg?t=1489502984\"\n\t\t\tdata-image-id=\"621\"\n\t\t\tdata-image-name=\"031.jpg\"\n\t\t\tdata-title=\"Pajala. Purskkaev ja p\u00e4ikesekell (v\u00e4idetavalt maailma suurim)\"\n\t\t\tdata-description=\"\"\n\t\t\tdata-image-slug=\"pajala-purskkaev-ja-paikesekell-vaidetavalt-maailma-suurim-1\"\n\t\t\t\t\t\t\t\t\t\t\t\t\t\t\t\t\t\t\t\tclass='thickbox' rel='f3e10ed37b8ebc179857f7ad36075406'>\n\t\t\t\t\t\t\t\t<img\n\t\t\t\t\ttitle=\"Pajala. Purskkaev ja p\u00e4ikesekell (v\u00e4idetavalt maailma suurim)\"\n\t\t\t\t\talt=\"Pajala. Purskkaev ja p\u00e4ikesekell (v\u00e4idetavalt maailma suurim)\"\n\t\t\t\t\tsrc=\"https:\/\/www.juhe.ee\/foto\/wp-content\/gallery\/northern-region\/thumbs\/thumbs_031.jpg?t=1489502984\"\n\t\t\t\t\twidth=\"280\"\n\t\t\t\t\theight=\"187\"\n\t\t\t\t\tstyle=\"max-width:100%;\"\n\t\t\t\t\/>\n\t\t\t<\/a>\n\t\t<\/div>\n\t\t\t\t\t\t\t<\/div>\n\t\t\t\n\t\t\t\t<div id=\"ngg-image-31\" class=\"ngg-gallery-thumbnail-box\n\t\t\t\t\t\t\t\t\t\t\t\"\n\t\t\t>\n\t\t\t\t\t\t<div class=\"ngg-gallery-thumbnail\">\n\t\t<a href=\"https:\/\/www.juhe.ee\/foto\/wp-content\/gallery\/northern-region\/032.jpg?t=1489502986\"\n\t\t\ttitle=\"\"\n\t\t\tdata-src=\"https:\/\/www.juhe.ee\/foto\/wp-content\/gallery\/northern-region\/032.jpg?t=1489502986\"\n\t\t\tdata-thumbnail=\"https:\/\/www.juhe.ee\/foto\/wp-content\/gallery\/northern-region\/thumbs\/thumbs_032.jpg?t=1489502986\"\n\t\t\tdata-image-id=\"622\"\n\t\t\tdata-image-name=\"032.jpg\"\n\t\t\tdata-title=\"Pajala \u00f6\u00f6kull\"\n\t\t\tdata-description=\"\"\n\t\t\tdata-image-slug=\"pajala-ookull-1\"\n\t\t\t\t\t\t\t\t\t\t\t\t\t\t\t\t\t\t\t\tclass='thickbox' rel='f3e10ed37b8ebc179857f7ad36075406'>\n\t\t\t\t\t\t\t\t<img\n\t\t\t\t\ttitle=\"Pajala \u00f6\u00f6kull\"\n\t\t\t\t\talt=\"Pajala \u00f6\u00f6kull\"\n\t\t\t\t\tsrc=\"https:\/\/www.juhe.ee\/foto\/wp-content\/gallery\/northern-region\/thumbs\/thumbs_032.jpg?t=1489502986\"\n\t\t\t\t\twidth=\"280\"\n\t\t\t\t\theight=\"187\"\n\t\t\t\t\tstyle=\"max-width:100%;\"\n\t\t\t\t\/>\n\t\t\t<\/a>\n\t\t<\/div>\n\t\t\t\t\t\t\t<\/div>\n\t\t\t\n\t\t\t\t<div id=\"ngg-image-32\" class=\"ngg-gallery-thumbnail-box\n\t\t\t\t\t\t\t\t\t\t\t\"\n\t\t\t>\n\t\t\t\t\t\t<div class=\"ngg-gallery-thumbnail\">\n\t\t<a href=\"https:\/\/www.juhe.ee\/foto\/wp-content\/gallery\/northern-region\/033.jpg?t=1489502988\"\n\t\t\ttitle=\"\"\n\t\t\tdata-src=\"https:\/\/www.juhe.ee\/foto\/wp-content\/gallery\/northern-region\/033.jpg?t=1489502988\"\n\t\t\tdata-thumbnail=\"https:\/\/www.juhe.ee\/foto\/wp-content\/gallery\/northern-region\/thumbs\/thumbs_033.jpg?t=1489502988\"\n\t\t\tdata-image-id=\"623\"\n\t\t\tdata-image-name=\"033.jpg\"\n\t\t\tdata-title=\"Norra-vaade\"\n\t\t\tdata-description=\"\"\n\t\t\tdata-image-slug=\"033-2\"\n\t\t\t\t\t\t\t\t\t\t\t\t\t\t\t\t\t\t\t\tclass='thickbox' rel='f3e10ed37b8ebc179857f7ad36075406'>\n\t\t\t\t\t\t\t\t<img\n\t\t\t\t\ttitle=\"Norra-vaade\"\n\t\t\t\t\talt=\"Norra-vaade\"\n\t\t\t\t\tsrc=\"https:\/\/www.juhe.ee\/foto\/wp-content\/gallery\/northern-region\/thumbs\/thumbs_033.jpg?t=1489502988\"\n\t\t\t\t\twidth=\"280\"\n\t\t\t\t\theight=\"187\"\n\t\t\t\t\tstyle=\"max-width:100%;\"\n\t\t\t\t\/>\n\t\t\t<\/a>\n\t\t<\/div>\n\t\t\t\t\t\t\t<\/div>\n\t\t\t\n\t\t\t\t<div id=\"ngg-image-33\" class=\"ngg-gallery-thumbnail-box\n\t\t\t\t\t\t\t\t\t\t\t\"\n\t\t\t>\n\t\t\t\t\t\t<div class=\"ngg-gallery-thumbnail\">\n\t\t<a href=\"https:\/\/www.juhe.ee\/foto\/wp-content\/gallery\/northern-region\/034.jpg?t=1489502990\"\n\t\t\ttitle=\"\"\n\t\t\tdata-src=\"https:\/\/www.juhe.ee\/foto\/wp-content\/gallery\/northern-region\/034.jpg?t=1489502990\"\n\t\t\tdata-thumbnail=\"https:\/\/www.juhe.ee\/foto\/wp-content\/gallery\/northern-region\/thumbs\/thumbs_034.jpg?t=1489502990\"\n\t\t\tdata-image-id=\"624\"\n\t\t\tdata-image-name=\"034.jpg\"\n\t\t\tdata-title=\"Norra. Reisi \u00fcks p\u00f5nevamaid teel\u00f5ike, mis viib Struve geodeetilise kaare \u00fche punkti juurde Lille-Raipas\"\n\t\t\tdata-description=\"\"\n\t\t\tdata-image-slug=\"034-3\"\n\t\t\t\t\t\t\t\t\t\t\t\t\t\t\t\t\t\t\t\tclass='thickbox' rel='f3e10ed37b8ebc179857f7ad36075406'>\n\t\t\t\t\t\t\t\t<img\n\t\t\t\t\ttitle=\"Norra. Reisi \u00fcks p\u00f5nevamaid teel\u00f5ike, mis viib Struve geodeetilise kaare \u00fche punkti juurde Lille-Raipas\"\n\t\t\t\t\talt=\"Norra. Reisi \u00fcks p\u00f5nevamaid teel\u00f5ike, mis viib Struve geodeetilise kaare \u00fche punkti juurde Lille-Raipas\"\n\t\t\t\t\tsrc=\"https:\/\/www.juhe.ee\/foto\/wp-content\/gallery\/northern-region\/thumbs\/thumbs_034.jpg?t=1489502990\"\n\t\t\t\t\twidth=\"280\"\n\t\t\t\t\theight=\"187\"\n\t\t\t\t\tstyle=\"max-width:100%;\"\n\t\t\t\t\/>\n\t\t\t<\/a>\n\t\t<\/div>\n\t\t\t\t\t\t\t<\/div>\n\t\t\t\n\t\t\t\t<div id=\"ngg-image-34\" class=\"ngg-gallery-thumbnail-box\n\t\t\t\t\t\t\t\t\t\t\t\"\n\t\t\t>\n\t\t\t\t\t\t<div class=\"ngg-gallery-thumbnail\">\n\t\t<a href=\"https:\/\/www.juhe.ee\/foto\/wp-content\/gallery\/northern-region\/035.jpg?t=1489502992\"\n\t\t\ttitle=\"\"\n\t\t\tdata-src=\"https:\/\/www.juhe.ee\/foto\/wp-content\/gallery\/northern-region\/035.jpg?t=1489502992\"\n\t\t\tdata-thumbnail=\"https:\/\/www.juhe.ee\/foto\/wp-content\/gallery\/northern-region\/thumbs\/thumbs_035.jpg?t=1489502992\"\n\t\t\tdata-image-id=\"625\"\n\t\t\tdata-image-name=\"035.jpg\"\n\t\t\tdata-title=\"Norra. Taevas ja m\u00e4gi\"\n\t\t\tdata-description=\"\"\n\t\t\tdata-image-slug=\"035-3\"\n\t\t\t\t\t\t\t\t\t\t\t\t\t\t\t\t\t\t\t\tclass='thickbox' rel='f3e10ed37b8ebc179857f7ad36075406'>\n\t\t\t\t\t\t\t\t<img\n\t\t\t\t\ttitle=\"Norra. Taevas ja m\u00e4gi\"\n\t\t\t\t\talt=\"Norra. Taevas ja m\u00e4gi\"\n\t\t\t\t\tsrc=\"https:\/\/www.juhe.ee\/foto\/wp-content\/gallery\/northern-region\/thumbs\/thumbs_035.jpg?t=1489502992\"\n\t\t\t\t\twidth=\"280\"\n\t\t\t\t\theight=\"187\"\n\t\t\t\t\tstyle=\"max-width:100%;\"\n\t\t\t\t\/>\n\t\t\t<\/a>\n\t\t<\/div>\n\t\t\t\t\t\t\t<\/div>\n\t\t\t\n\t\t\t\t<div id=\"ngg-image-35\" class=\"ngg-gallery-thumbnail-box\n\t\t\t\t\t\t\t\t\t\t\t\"\n\t\t\t>\n\t\t\t\t\t\t<div class=\"ngg-gallery-thumbnail\">\n\t\t<a href=\"https:\/\/www.juhe.ee\/foto\/wp-content\/gallery\/northern-region\/036.jpg?t=1489502994\"\n\t\t\ttitle=\"\"\n\t\t\tdata-src=\"https:\/\/www.juhe.ee\/foto\/wp-content\/gallery\/northern-region\/036.jpg?t=1489502994\"\n\t\t\tdata-thumbnail=\"https:\/\/www.juhe.ee\/foto\/wp-content\/gallery\/northern-region\/thumbs\/thumbs_036.jpg?t=1489502994\"\n\t\t\tdata-image-id=\"626\"\n\t\t\tdata-image-name=\"036.jpg\"\n\t\t\tdata-title=\"Sisenemine Alta kanjonisse\"\n\t\t\tdata-description=\"\"\n\t\t\tdata-image-slug=\"036-3\"\n\t\t\t\t\t\t\t\t\t\t\t\t\t\t\t\t\t\t\t\tclass='thickbox' rel='f3e10ed37b8ebc179857f7ad36075406'>\n\t\t\t\t\t\t\t\t<img\n\t\t\t\t\ttitle=\"Sisenemine Alta kanjonisse\"\n\t\t\t\t\talt=\"Sisenemine Alta kanjonisse\"\n\t\t\t\t\tsrc=\"https:\/\/www.juhe.ee\/foto\/wp-content\/gallery\/northern-region\/thumbs\/thumbs_036.jpg?t=1489502994\"\n\t\t\t\t\twidth=\"280\"\n\t\t\t\t\theight=\"187\"\n\t\t\t\t\tstyle=\"max-width:100%;\"\n\t\t\t\t\/>\n\t\t\t<\/a>\n\t\t<\/div>\n\t\t\t\t\t\t\t<\/div>\n\t\t\t\n\t\t\t\t<div id=\"ngg-image-36\" class=\"ngg-gallery-thumbnail-box\n\t\t\t\t\t\t\t\t\t\t\t\"\n\t\t\t>\n\t\t\t\t\t\t<div class=\"ngg-gallery-thumbnail\">\n\t\t<a href=\"https:\/\/www.juhe.ee\/foto\/wp-content\/gallery\/northern-region\/037.jpg?t=1489502996\"\n\t\t\ttitle=\"\"\n\t\t\tdata-src=\"https:\/\/www.juhe.ee\/foto\/wp-content\/gallery\/northern-region\/037.jpg?t=1489502996\"\n\t\t\tdata-thumbnail=\"https:\/\/www.juhe.ee\/foto\/wp-content\/gallery\/northern-region\/thumbs\/thumbs_037.jpg?t=1489502996\"\n\t\t\tdata-image-id=\"627\"\n\t\t\tdata-image-name=\"037.jpg\"\n\t\t\tdata-title=\"Vaade Alta muuseumi terrassilt\"\n\t\t\tdata-description=\"\"\n\t\t\tdata-image-slug=\"037-3\"\n\t\t\t\t\t\t\t\t\t\t\t\t\t\t\t\t\t\t\t\tclass='thickbox' rel='f3e10ed37b8ebc179857f7ad36075406'>\n\t\t\t\t\t\t\t\t<img\n\t\t\t\t\ttitle=\"Vaade Alta muuseumi terrassilt\"\n\t\t\t\t\talt=\"Vaade Alta muuseumi terrassilt\"\n\t\t\t\t\tsrc=\"https:\/\/www.juhe.ee\/foto\/wp-content\/gallery\/northern-region\/thumbs\/thumbs_037.jpg?t=1489502996\"\n\t\t\t\t\twidth=\"280\"\n\t\t\t\t\theight=\"187\"\n\t\t\t\t\tstyle=\"max-width:100%;\"\n\t\t\t\t\/>\n\t\t\t<\/a>\n\t\t<\/div>\n\t\t\t\t\t\t\t<\/div>\n\t\t\t\n\t\t\t\t<div id=\"ngg-image-37\" class=\"ngg-gallery-thumbnail-box\n\t\t\t\t\t\t\t\t\t\t\t\"\n\t\t\t>\n\t\t\t\t\t\t<div class=\"ngg-gallery-thumbnail\">\n\t\t<a href=\"https:\/\/www.juhe.ee\/foto\/wp-content\/gallery\/northern-region\/038.jpg?t=1489502998\"\n\t\t\ttitle=\"\"\n\t\t\tdata-src=\"https:\/\/www.juhe.ee\/foto\/wp-content\/gallery\/northern-region\/038.jpg?t=1489502998\"\n\t\t\tdata-thumbnail=\"https:\/\/www.juhe.ee\/foto\/wp-content\/gallery\/northern-region\/thumbs\/thumbs_038.jpg?t=1489502998\"\n\t\t\tdata-image-id=\"628\"\n\t\t\tdata-image-name=\"038.jpg\"\n\t\t\tdata-title=\"Alta muuseum. Osa kaljujooniseid v\u00e4rviti parema n\u00e4htavuse saavutamiseks varem punaseks, kuid n\u00fc\u00fcd ollakse seisukohal, et v\u00e4rvimine kahjustab jooniseid ning seet\u00f5ttu on hilisemad leiud j\u00e4\u00e4nud oma loomulikku v\u00e4rvi ja vormi.\"\n\t\t\tdata-description=\"\"\n\t\t\tdata-image-slug=\"038-3\"\n\t\t\t\t\t\t\t\t\t\t\t\t\t\t\t\t\t\t\t\tclass='thickbox' rel='f3e10ed37b8ebc179857f7ad36075406'>\n\t\t\t\t\t\t\t\t<img\n\t\t\t\t\ttitle=\"Alta muuseum. Osa kaljujooniseid v\u00e4rviti parema n\u00e4htavuse saavutamiseks varem punaseks, kuid n\u00fc\u00fcd ollakse seisukohal, et v\u00e4rvimine kahjustab jooniseid ning seet\u00f5ttu on hilisemad leiud j\u00e4\u00e4nud oma loomulikku v\u00e4rvi ja vormi.\"\n\t\t\t\t\talt=\"Alta muuseum. Osa kaljujooniseid v\u00e4rviti parema n\u00e4htavuse saavutamiseks varem punaseks, kuid n\u00fc\u00fcd ollakse seisukohal, et v\u00e4rvimine kahjustab jooniseid ning seet\u00f5ttu on hilisemad leiud j\u00e4\u00e4nud oma loomulikku v\u00e4rvi ja vormi.\"\n\t\t\t\t\tsrc=\"https:\/\/www.juhe.ee\/foto\/wp-content\/gallery\/northern-region\/thumbs\/thumbs_038.jpg?t=1489502998\"\n\t\t\t\t\twidth=\"280\"\n\t\t\t\t\theight=\"187\"\n\t\t\t\t\tstyle=\"max-width:100%;\"\n\t\t\t\t\/>\n\t\t\t<\/a>\n\t\t<\/div>\n\t\t\t\t\t\t\t<\/div>\n\t\t\t\n\t\t\t\t<div id=\"ngg-image-38\" class=\"ngg-gallery-thumbnail-box\n\t\t\t\t\t\t\t\t\t\t\t\"\n\t\t\t>\n\t\t\t\t\t\t<div class=\"ngg-gallery-thumbnail\">\n\t\t<a href=\"https:\/\/www.juhe.ee\/foto\/wp-content\/gallery\/northern-region\/039.jpg?t=1489503000\"\n\t\t\ttitle=\"\"\n\t\t\tdata-src=\"https:\/\/www.juhe.ee\/foto\/wp-content\/gallery\/northern-region\/039.jpg?t=1489503000\"\n\t\t\tdata-thumbnail=\"https:\/\/www.juhe.ee\/foto\/wp-content\/gallery\/northern-region\/thumbs\/thumbs_039.jpg?t=1489503000\"\n\t\t\tdata-image-id=\"629\"\n\t\t\tdata-image-name=\"039.jpg\"\n\t\t\tdata-title=\"Alta. Siit algab ookean\"\n\t\t\tdata-description=\"\"\n\t\t\tdata-image-slug=\"039-3\"\n\t\t\t\t\t\t\t\t\t\t\t\t\t\t\t\t\t\t\t\tclass='thickbox' rel='f3e10ed37b8ebc179857f7ad36075406'>\n\t\t\t\t\t\t\t\t<img\n\t\t\t\t\ttitle=\"Alta. Siit algab ookean\"\n\t\t\t\t\talt=\"Alta. Siit algab ookean\"\n\t\t\t\t\tsrc=\"https:\/\/www.juhe.ee\/foto\/wp-content\/gallery\/northern-region\/thumbs\/thumbs_039.jpg?t=1489503000\"\n\t\t\t\t\twidth=\"280\"\n\t\t\t\t\theight=\"187\"\n\t\t\t\t\tstyle=\"max-width:100%;\"\n\t\t\t\t\/>\n\t\t\t<\/a>\n\t\t<\/div>\n\t\t\t\t\t\t\t<\/div>\n\t\t\t\n\t\t\t\t<div id=\"ngg-image-39\" class=\"ngg-gallery-thumbnail-box\n\t\t\t\t\t\t\t\t\t\t\t\"\n\t\t\t>\n\t\t\t\t\t\t<div class=\"ngg-gallery-thumbnail\">\n\t\t<a href=\"https:\/\/www.juhe.ee\/foto\/wp-content\/gallery\/northern-region\/040.jpg?t=1489503002\"\n\t\t\ttitle=\"\"\n\t\t\tdata-src=\"https:\/\/www.juhe.ee\/foto\/wp-content\/gallery\/northern-region\/040.jpg?t=1489503002\"\n\t\t\tdata-thumbnail=\"https:\/\/www.juhe.ee\/foto\/wp-content\/gallery\/northern-region\/thumbs\/thumbs_040.jpg?t=1489503002\"\n\t\t\tdata-image-id=\"630\"\n\t\t\tdata-image-name=\"040.jpg\"\n\t\t\tdata-title=\"Alta muuseum. V\u00e4rvitud kaljujoonised\"\n\t\t\tdata-description=\"\"\n\t\t\tdata-image-slug=\"040-3\"\n\t\t\t\t\t\t\t\t\t\t\t\t\t\t\t\t\t\t\t\tclass='thickbox' rel='f3e10ed37b8ebc179857f7ad36075406'>\n\t\t\t\t\t\t\t\t<img\n\t\t\t\t\ttitle=\"Alta muuseum. V\u00e4rvitud kaljujoonised\"\n\t\t\t\t\talt=\"Alta muuseum. V\u00e4rvitud kaljujoonised\"\n\t\t\t\t\tsrc=\"https:\/\/www.juhe.ee\/foto\/wp-content\/gallery\/northern-region\/thumbs\/thumbs_040.jpg?t=1489503002\"\n\t\t\t\t\twidth=\"280\"\n\t\t\t\t\theight=\"187\"\n\t\t\t\t\tstyle=\"max-width:100%;\"\n\t\t\t\t\/>\n\t\t\t<\/a>\n\t\t<\/div>\n\t\t\t\t\t\t\t<\/div>\n\t\t\t\n\t\t\t\t<div id=\"ngg-image-40\" class=\"ngg-gallery-thumbnail-box\n\t\t\t\t\t\t\t\t\t\t\t\"\n\t\t\t>\n\t\t\t\t\t\t<div class=\"ngg-gallery-thumbnail\">\n\t\t<a href=\"https:\/\/www.juhe.ee\/foto\/wp-content\/gallery\/northern-region\/041.jpg?t=1489503004\"\n\t\t\ttitle=\"\"\n\t\t\tdata-src=\"https:\/\/www.juhe.ee\/foto\/wp-content\/gallery\/northern-region\/041.jpg?t=1489503004\"\n\t\t\tdata-thumbnail=\"https:\/\/www.juhe.ee\/foto\/wp-content\/gallery\/northern-region\/thumbs\/thumbs_041.jpg?t=1489503004\"\n\t\t\tdata-image-id=\"631\"\n\t\t\tdata-image-name=\"041.jpg\"\n\t\t\tdata-title=\"Alta muuseum. Leia pildilt rebane\"\n\t\t\tdata-description=\"\"\n\t\t\tdata-image-slug=\"041-3\"\n\t\t\t\t\t\t\t\t\t\t\t\t\t\t\t\t\t\t\t\tclass='thickbox' rel='f3e10ed37b8ebc179857f7ad36075406'>\n\t\t\t\t\t\t\t\t<img\n\t\t\t\t\ttitle=\"Alta muuseum. Leia pildilt rebane\"\n\t\t\t\t\talt=\"Alta muuseum. Leia pildilt rebane\"\n\t\t\t\t\tsrc=\"https:\/\/www.juhe.ee\/foto\/wp-content\/gallery\/northern-region\/thumbs\/thumbs_041.jpg?t=1489503004\"\n\t\t\t\t\twidth=\"280\"\n\t\t\t\t\theight=\"187\"\n\t\t\t\t\tstyle=\"max-width:100%;\"\n\t\t\t\t\/>\n\t\t\t<\/a>\n\t\t<\/div>\n\t\t\t\t\t\t\t<\/div>\n\t\t\t\n\t\t\t\t<div id=\"ngg-image-41\" class=\"ngg-gallery-thumbnail-box\n\t\t\t\t\t\t\t\t\t\t\t\"\n\t\t\t>\n\t\t\t\t\t\t<div class=\"ngg-gallery-thumbnail\">\n\t\t<a href=\"https:\/\/www.juhe.ee\/foto\/wp-content\/gallery\/northern-region\/042.jpg?t=1489503006\"\n\t\t\ttitle=\"\"\n\t\t\tdata-src=\"https:\/\/www.juhe.ee\/foto\/wp-content\/gallery\/northern-region\/042.jpg?t=1489503006\"\n\t\t\tdata-thumbnail=\"https:\/\/www.juhe.ee\/foto\/wp-content\/gallery\/northern-region\/thumbs\/thumbs_042.jpg?t=1489503006\"\n\t\t\tdata-image-id=\"632\"\n\t\t\tdata-image-name=\"042.jpg\"\n\t\t\tdata-title=\"Alta muuseum. M\u00f5ned inimesed p\u00e4\u00e4sesid ka pildile\"\n\t\t\tdata-description=\"\"\n\t\t\tdata-image-slug=\"042-3\"\n\t\t\t\t\t\t\t\t\t\t\t\t\t\t\t\t\t\t\t\tclass='thickbox' rel='f3e10ed37b8ebc179857f7ad36075406'>\n\t\t\t\t\t\t\t\t<img\n\t\t\t\t\ttitle=\"Alta muuseum. M\u00f5ned inimesed p\u00e4\u00e4sesid ka pildile\"\n\t\t\t\t\talt=\"Alta muuseum. M\u00f5ned inimesed p\u00e4\u00e4sesid ka pildile\"\n\t\t\t\t\tsrc=\"https:\/\/www.juhe.ee\/foto\/wp-content\/gallery\/northern-region\/thumbs\/thumbs_042.jpg?t=1489503006\"\n\t\t\t\t\twidth=\"280\"\n\t\t\t\t\theight=\"187\"\n\t\t\t\t\tstyle=\"max-width:100%;\"\n\t\t\t\t\/>\n\t\t\t<\/a>\n\t\t<\/div>\n\t\t\t\t\t\t\t<\/div>\n\t\t\t\n\t\t\t\t<div id=\"ngg-image-42\" class=\"ngg-gallery-thumbnail-box\n\t\t\t\t\t\t\t\t\t\t\t\"\n\t\t\t style=\"display: none;\">\n\t\t\t\t\t\t<div class=\"ngg-gallery-thumbnail\">\n\t\t<a href=\"https:\/\/www.juhe.ee\/foto\/wp-content\/gallery\/northern-region\/043.jpg?t=1489503008\"\n\t\t\ttitle=\"\"\n\t\t\tdata-src=\"https:\/\/www.juhe.ee\/foto\/wp-content\/gallery\/northern-region\/043.jpg?t=1489503008\"\n\t\t\tdata-thumbnail=\"https:\/\/www.juhe.ee\/foto\/wp-content\/gallery\/northern-region\/thumbs\/thumbs_043.jpg?t=1489503008\"\n\t\t\tdata-image-id=\"633\"\n\t\t\tdata-image-name=\"043.jpg\"\n\t\t\tdata-title=\"Tee Altast Hammerfesti. Ainult m\u00e4ed ja veed ja kivid ja veidi elusloodust \u00fcmberringi\"\n\t\t\tdata-description=\"\"\n\t\t\tdata-image-slug=\"043-3\"\n\t\t\t\t\t\t\t\t\t\t\t\t\t\t\t\t\t\t\t\tclass='thickbox' rel='f3e10ed37b8ebc179857f7ad36075406'>\n\t\t\t\t\t\t\t\t<img\n\t\t\t\t\ttitle=\"Tee Altast Hammerfesti. Ainult m\u00e4ed ja veed ja kivid ja veidi elusloodust \u00fcmberringi\"\n\t\t\t\t\talt=\"Tee Altast Hammerfesti. Ainult m\u00e4ed ja veed ja kivid ja veidi elusloodust \u00fcmberringi\"\n\t\t\t\t\tsrc=\"https:\/\/www.juhe.ee\/foto\/wp-content\/gallery\/northern-region\/thumbs\/thumbs_043.jpg?t=1489503008\"\n\t\t\t\t\twidth=\"280\"\n\t\t\t\t\theight=\"187\"\n\t\t\t\t\tstyle=\"max-width:100%;\"\n\t\t\t\t\/>\n\t\t\t<\/a>\n\t\t<\/div>\n\t\t\t\t\t\t\t<\/div>\n\t\t\t\n\t\t\t\t<div id=\"ngg-image-43\" class=\"ngg-gallery-thumbnail-box\n\t\t\t\t\t\t\t\t\t\t\t\"\n\t\t\t style=\"display: none;\">\n\t\t\t\t\t\t<div class=\"ngg-gallery-thumbnail\">\n\t\t<a href=\"https:\/\/www.juhe.ee\/foto\/wp-content\/gallery\/northern-region\/044.jpg?t=1489503010\"\n\t\t\ttitle=\"\"\n\t\t\tdata-src=\"https:\/\/www.juhe.ee\/foto\/wp-content\/gallery\/northern-region\/044.jpg?t=1489503010\"\n\t\t\tdata-thumbnail=\"https:\/\/www.juhe.ee\/foto\/wp-content\/gallery\/northern-region\/thumbs\/thumbs_044.jpg?t=1489503010\"\n\t\t\tdata-image-id=\"634\"\n\t\t\tdata-image-name=\"044.jpg\"\n\t\t\tdata-title=\"Tee Altast Hammerfesti. M\u00f5nda autot n\u00e4gime ka\"\n\t\t\tdata-description=\"\"\n\t\t\tdata-image-slug=\"044-2\"\n\t\t\t\t\t\t\t\t\t\t\t\t\t\t\t\t\t\t\t\tclass='thickbox' rel='f3e10ed37b8ebc179857f7ad36075406'>\n\t\t\t\t\t\t\t\t<img\n\t\t\t\t\ttitle=\"Tee Altast Hammerfesti. M\u00f5nda autot n\u00e4gime ka\"\n\t\t\t\t\talt=\"Tee Altast Hammerfesti. M\u00f5nda autot n\u00e4gime ka\"\n\t\t\t\t\tsrc=\"https:\/\/www.juhe.ee\/foto\/wp-content\/gallery\/northern-region\/thumbs\/thumbs_044.jpg?t=1489503010\"\n\t\t\t\t\twidth=\"280\"\n\t\t\t\t\theight=\"187\"\n\t\t\t\t\tstyle=\"max-width:100%;\"\n\t\t\t\t\/>\n\t\t\t<\/a>\n\t\t<\/div>\n\t\t\t\t\t\t\t<\/div>\n\t\t\t\n\t\t\t\t<div id=\"ngg-image-44\" class=\"ngg-gallery-thumbnail-box\n\t\t\t\t\t\t\t\t\t\t\t\"\n\t\t\t style=\"display: none;\">\n\t\t\t\t\t\t<div class=\"ngg-gallery-thumbnail\">\n\t\t<a href=\"https:\/\/www.juhe.ee\/foto\/wp-content\/gallery\/northern-region\/045.jpg?t=1489503011\"\n\t\t\ttitle=\"\"\n\t\t\tdata-src=\"https:\/\/www.juhe.ee\/foto\/wp-content\/gallery\/northern-region\/045.jpg?t=1489503011\"\n\t\t\tdata-thumbnail=\"https:\/\/www.juhe.ee\/foto\/wp-content\/gallery\/northern-region\/thumbs\/thumbs_045.jpg?t=1489503011\"\n\t\t\tdata-image-id=\"635\"\n\t\t\tdata-image-name=\"045.jpg\"\n\t\t\tdata-title=\"Kval\u00f8ya. Tunnel vision\"\n\t\t\tdata-description=\"\"\n\t\t\tdata-image-slug=\"045-2\"\n\t\t\t\t\t\t\t\t\t\t\t\t\t\t\t\t\t\t\t\tclass='thickbox' rel='f3e10ed37b8ebc179857f7ad36075406'>\n\t\t\t\t\t\t\t\t<img\n\t\t\t\t\ttitle=\"Kval\u00f8ya. Tunnel vision\"\n\t\t\t\t\talt=\"Kval\u00f8ya. Tunnel vision\"\n\t\t\t\t\tsrc=\"https:\/\/www.juhe.ee\/foto\/wp-content\/gallery\/northern-region\/thumbs\/thumbs_045.jpg?t=1489503011\"\n\t\t\t\t\twidth=\"280\"\n\t\t\t\t\theight=\"187\"\n\t\t\t\t\tstyle=\"max-width:100%;\"\n\t\t\t\t\/>\n\t\t\t<\/a>\n\t\t<\/div>\n\t\t\t\t\t\t\t<\/div>\n\t\t\t\n\t\t\t\t<div id=\"ngg-image-45\" class=\"ngg-gallery-thumbnail-box\n\t\t\t\t\t\t\t\t\t\t\t\"\n\t\t\t style=\"display: none;\">\n\t\t\t\t\t\t<div class=\"ngg-gallery-thumbnail\">\n\t\t<a href=\"https:\/\/www.juhe.ee\/foto\/wp-content\/gallery\/northern-region\/046.jpg?t=1489503013\"\n\t\t\ttitle=\"\"\n\t\t\tdata-src=\"https:\/\/www.juhe.ee\/foto\/wp-content\/gallery\/northern-region\/046.jpg?t=1489503013\"\n\t\t\tdata-thumbnail=\"https:\/\/www.juhe.ee\/foto\/wp-content\/gallery\/northern-region\/thumbs\/thumbs_046.jpg?t=1489503013\"\n\t\t\tdata-image-id=\"636\"\n\t\t\tdata-image-name=\"046.jpg\"\n\t\t\tdata-title=\"Fuglenes. Struve geodeetilise kaare \u00fclemine otspunkt. Reklaamitakse kui esimest tehnilis-teaduslikku objekti, mis UNESCO Maailmap\u00e4randi nimistusse kanti. http:\/\/et.wikipedia.org\/wiki\/Struve_geodeetiline_kaar\"\n\t\t\tdata-description=\"\"\n\t\t\tdata-image-slug=\"046-2\"\n\t\t\t\t\t\t\t\t\t\t\t\t\t\t\t\t\t\t\t\tclass='thickbox' rel='f3e10ed37b8ebc179857f7ad36075406'>\n\t\t\t\t\t\t\t\t<img\n\t\t\t\t\ttitle=\"Fuglenes. Struve geodeetilise kaare \u00fclemine otspunkt. Reklaamitakse kui esimest tehnilis-teaduslikku objekti, mis UNESCO Maailmap\u00e4randi nimistusse kanti. http:\/\/et.wikipedia.org\/wiki\/Struve_geodeetiline_kaar\"\n\t\t\t\t\talt=\"Fuglenes. Struve geodeetilise kaare \u00fclemine otspunkt. Reklaamitakse kui esimest tehnilis-teaduslikku objekti, mis UNESCO Maailmap\u00e4randi nimistusse kanti. http:\/\/et.wikipedia.org\/wiki\/Struve_geodeetiline_kaar\"\n\t\t\t\t\tsrc=\"https:\/\/www.juhe.ee\/foto\/wp-content\/gallery\/northern-region\/thumbs\/thumbs_046.jpg?t=1489503013\"\n\t\t\t\t\twidth=\"280\"\n\t\t\t\t\theight=\"187\"\n\t\t\t\t\tstyle=\"max-width:100%;\"\n\t\t\t\t\/>\n\t\t\t<\/a>\n\t\t<\/div>\n\t\t\t\t\t\t\t<\/div>\n\t\t\t\n\t\t\t\t<div id=\"ngg-image-46\" class=\"ngg-gallery-thumbnail-box\n\t\t\t\t\t\t\t\t\t\t\t\"\n\t\t\t style=\"display: none;\">\n\t\t\t\t\t\t<div class=\"ngg-gallery-thumbnail\">\n\t\t<a href=\"https:\/\/www.juhe.ee\/foto\/wp-content\/gallery\/northern-region\/047.jpg?t=1489503016\"\n\t\t\ttitle=\"\"\n\t\t\tdata-src=\"https:\/\/www.juhe.ee\/foto\/wp-content\/gallery\/northern-region\/047.jpg?t=1489503016\"\n\t\t\tdata-thumbnail=\"https:\/\/www.juhe.ee\/foto\/wp-content\/gallery\/northern-region\/thumbs\/thumbs_047.jpg?t=1489503016\"\n\t\t\tdata-image-id=\"637\"\n\t\t\tdata-image-name=\"047.jpg\"\n\t\t\tdata-title=\"Hammerfest t\u00e4histas 17. juulil oma linnastaatuse saamise 224. aastap\u00e4eva. Kohal oli palju rahvast, n\u00e4hti ka pidur\u00fc\u00fcs linnapead jms\"\n\t\t\tdata-description=\"\"\n\t\t\tdata-image-slug=\"047-2\"\n\t\t\t\t\t\t\t\t\t\t\t\t\t\t\t\t\t\t\t\tclass='thickbox' rel='f3e10ed37b8ebc179857f7ad36075406'>\n\t\t\t\t\t\t\t\t<img\n\t\t\t\t\ttitle=\"Hammerfest t\u00e4histas 17. juulil oma linnastaatuse saamise 224. aastap\u00e4eva. Kohal oli palju rahvast, n\u00e4hti ka pidur\u00fc\u00fcs linnapead jms\"\n\t\t\t\t\talt=\"Hammerfest t\u00e4histas 17. juulil oma linnastaatuse saamise 224. aastap\u00e4eva. Kohal oli palju rahvast, n\u00e4hti ka pidur\u00fc\u00fcs linnapead jms\"\n\t\t\t\t\tsrc=\"https:\/\/www.juhe.ee\/foto\/wp-content\/gallery\/northern-region\/thumbs\/thumbs_047.jpg?t=1489503016\"\n\t\t\t\t\twidth=\"280\"\n\t\t\t\t\theight=\"187\"\n\t\t\t\t\tstyle=\"max-width:100%;\"\n\t\t\t\t\/>\n\t\t\t<\/a>\n\t\t<\/div>\n\t\t\t\t\t\t\t<\/div>\n\t\t\t\n\t\t\t\t<div id=\"ngg-image-47\" class=\"ngg-gallery-thumbnail-box\n\t\t\t\t\t\t\t\t\t\t\t\"\n\t\t\t style=\"display: none;\">\n\t\t\t\t\t\t<div class=\"ngg-gallery-thumbnail\">\n\t\t<a href=\"https:\/\/www.juhe.ee\/foto\/wp-content\/gallery\/northern-region\/048.jpg?t=1489503017\"\n\t\t\ttitle=\"\"\n\t\t\tdata-src=\"https:\/\/www.juhe.ee\/foto\/wp-content\/gallery\/northern-region\/048.jpg?t=1489503017\"\n\t\t\tdata-thumbnail=\"https:\/\/www.juhe.ee\/foto\/wp-content\/gallery\/northern-region\/thumbs\/thumbs_048.jpg?t=1489503017\"\n\t\t\tdata-image-id=\"638\"\n\t\t\tdata-image-name=\"048.jpg\"\n\t\t\tdata-title=\"Royal and Ancient Polar Bear Society Hammerfestis. Linna \u00fcks s\u00fcmbolitest \u2013 j\u00e4\u00e4karu \u2013 \u00fctleb tere\"\n\t\t\tdata-description=\"\"\n\t\t\tdata-image-slug=\"royal-and-ancient-polar-bear-society-hammerfestis-linna-uks-sumbolitest-jaakaru-utleb-tere-1\"\n\t\t\t\t\t\t\t\t\t\t\t\t\t\t\t\t\t\t\t\tclass='thickbox' rel='f3e10ed37b8ebc179857f7ad36075406'>\n\t\t\t\t\t\t\t\t<img\n\t\t\t\t\ttitle=\"Royal and Ancient Polar Bear Society Hammerfestis. Linna \u00fcks s\u00fcmbolitest \u2013 j\u00e4\u00e4karu \u2013 \u00fctleb tere\"\n\t\t\t\t\talt=\"Royal and Ancient Polar Bear Society Hammerfestis. Linna \u00fcks s\u00fcmbolitest \u2013 j\u00e4\u00e4karu \u2013 \u00fctleb tere\"\n\t\t\t\t\tsrc=\"https:\/\/www.juhe.ee\/foto\/wp-content\/gallery\/northern-region\/thumbs\/thumbs_048.jpg?t=1489503017\"\n\t\t\t\t\twidth=\"280\"\n\t\t\t\t\theight=\"187\"\n\t\t\t\t\tstyle=\"max-width:100%;\"\n\t\t\t\t\/>\n\t\t\t<\/a>\n\t\t<\/div>\n\t\t\t\t\t\t\t<\/div>\n\t\t\t\n\t\t\t\t<div id=\"ngg-image-48\" class=\"ngg-gallery-thumbnail-box\n\t\t\t\t\t\t\t\t\t\t\t\"\n\t\t\t style=\"display: none;\">\n\t\t\t\t\t\t<div class=\"ngg-gallery-thumbnail\">\n\t\t<a href=\"https:\/\/www.juhe.ee\/foto\/wp-content\/gallery\/northern-region\/049.JPG?t=1489503019\"\n\t\t\ttitle=\"\"\n\t\t\tdata-src=\"https:\/\/www.juhe.ee\/foto\/wp-content\/gallery\/northern-region\/049.JPG?t=1489503019\"\n\t\t\tdata-thumbnail=\"https:\/\/www.juhe.ee\/foto\/wp-content\/gallery\/northern-region\/thumbs\/thumbs_049.JPG?t=1489503019\"\n\t\t\tdata-image-id=\"639\"\n\t\t\tdata-image-name=\"049.JPG\"\n\t\t\tdata-title=\"Hammerfesti raekoja ees leidus veel j\u00e4\u00e4karusid. Seekord h\u00f5bedased\"\n\t\t\tdata-description=\"\"\n\t\t\tdata-image-slug=\"hammerfesti-raekoja-ees-leidus-veel-jaakarusid-seekord-hobedased-1\"\n\t\t\t\t\t\t\t\t\t\t\t\t\t\t\t\t\t\t\t\tclass='thickbox' rel='f3e10ed37b8ebc179857f7ad36075406'>\n\t\t\t\t\t\t\t\t<img\n\t\t\t\t\ttitle=\"Hammerfesti raekoja ees leidus veel j\u00e4\u00e4karusid. Seekord h\u00f5bedased\"\n\t\t\t\t\talt=\"Hammerfesti raekoja ees leidus veel j\u00e4\u00e4karusid. Seekord h\u00f5bedased\"\n\t\t\t\t\tsrc=\"https:\/\/www.juhe.ee\/foto\/wp-content\/gallery\/northern-region\/thumbs\/thumbs_049.JPG?t=1489503019\"\n\t\t\t\t\twidth=\"280\"\n\t\t\t\t\theight=\"187\"\n\t\t\t\t\tstyle=\"max-width:100%;\"\n\t\t\t\t\/>\n\t\t\t<\/a>\n\t\t<\/div>\n\t\t\t\t\t\t\t<\/div>\n\t\t\t\n\t\t\t\t<div id=\"ngg-image-49\" class=\"ngg-gallery-thumbnail-box\n\t\t\t\t\t\t\t\t\t\t\t\"\n\t\t\t style=\"display: none;\">\n\t\t\t\t\t\t<div class=\"ngg-gallery-thumbnail\">\n\t\t<a href=\"https:\/\/www.juhe.ee\/foto\/wp-content\/gallery\/northern-region\/050.jpg?t=1489503021\"\n\t\t\ttitle=\"\"\n\t\t\tdata-src=\"https:\/\/www.juhe.ee\/foto\/wp-content\/gallery\/northern-region\/050.jpg?t=1489503021\"\n\t\t\tdata-thumbnail=\"https:\/\/www.juhe.ee\/foto\/wp-content\/gallery\/northern-region\/thumbs\/thumbs_050.jpg?t=1489503021\"\n\t\t\tdata-image-id=\"640\"\n\t\t\tdata-image-name=\"050.jpg\"\n\t\t\tdata-title=\"Vaade Hammerfestile\"\n\t\t\tdata-description=\"\"\n\t\t\tdata-image-slug=\"vaade-hammerfestile-1\"\n\t\t\t\t\t\t\t\t\t\t\t\t\t\t\t\t\t\t\t\tclass='thickbox' rel='f3e10ed37b8ebc179857f7ad36075406'>\n\t\t\t\t\t\t\t\t<img\n\t\t\t\t\ttitle=\"Vaade Hammerfestile\"\n\t\t\t\t\talt=\"Vaade Hammerfestile\"\n\t\t\t\t\tsrc=\"https:\/\/www.juhe.ee\/foto\/wp-content\/gallery\/northern-region\/thumbs\/thumbs_050.jpg?t=1489503021\"\n\t\t\t\t\twidth=\"280\"\n\t\t\t\t\theight=\"187\"\n\t\t\t\t\tstyle=\"max-width:100%;\"\n\t\t\t\t\/>\n\t\t\t<\/a>\n\t\t<\/div>\n\t\t\t\t\t\t\t<\/div>\n\t\t\t\n\t\t\t\t<div id=\"ngg-image-50\" class=\"ngg-gallery-thumbnail-box\n\t\t\t\t\t\t\t\t\t\t\t\"\n\t\t\t style=\"display: none;\">\n\t\t\t\t\t\t<div class=\"ngg-gallery-thumbnail\">\n\t\t<a href=\"https:\/\/www.juhe.ee\/foto\/wp-content\/gallery\/northern-region\/051.jpg?t=1489503023\"\n\t\t\ttitle=\"\"\n\t\t\tdata-src=\"https:\/\/www.juhe.ee\/foto\/wp-content\/gallery\/northern-region\/051.jpg?t=1489503023\"\n\t\t\tdata-thumbnail=\"https:\/\/www.juhe.ee\/foto\/wp-content\/gallery\/northern-region\/thumbs\/thumbs_051.jpg?t=1489503023\"\n\t\t\tdata-image-id=\"641\"\n\t\t\tdata-image-name=\"051.jpg\"\n\t\t\tdata-title=\"Lahkumine Hammerfestist. Ettevaatust, p\u00f5hjap\u00f5drad teel\"\n\t\t\tdata-description=\"\"\n\t\t\tdata-image-slug=\"lahkumine-hammerfestist-ettevaatust-pohjapodrad-teel-1\"\n\t\t\t\t\t\t\t\t\t\t\t\t\t\t\t\t\t\t\t\tclass='thickbox' rel='f3e10ed37b8ebc179857f7ad36075406'>\n\t\t\t\t\t\t\t\t<img\n\t\t\t\t\ttitle=\"Lahkumine Hammerfestist. Ettevaatust, p\u00f5hjap\u00f5drad teel\"\n\t\t\t\t\talt=\"Lahkumine Hammerfestist. Ettevaatust, p\u00f5hjap\u00f5drad teel\"\n\t\t\t\t\tsrc=\"https:\/\/www.juhe.ee\/foto\/wp-content\/gallery\/northern-region\/thumbs\/thumbs_051.jpg?t=1489503023\"\n\t\t\t\t\twidth=\"280\"\n\t\t\t\t\theight=\"187\"\n\t\t\t\t\tstyle=\"max-width:100%;\"\n\t\t\t\t\/>\n\t\t\t<\/a>\n\t\t<\/div>\n\t\t\t\t\t\t\t<\/div>\n\t\t\t\n\t\t\t\t<div id=\"ngg-image-51\" class=\"ngg-gallery-thumbnail-box\n\t\t\t\t\t\t\t\t\t\t\t\"\n\t\t\t style=\"display: none;\">\n\t\t\t\t\t\t<div class=\"ngg-gallery-thumbnail\">\n\t\t<a href=\"https:\/\/www.juhe.ee\/foto\/wp-content\/gallery\/northern-region\/052.jpg?t=1489503025\"\n\t\t\ttitle=\"\"\n\t\t\tdata-src=\"https:\/\/www.juhe.ee\/foto\/wp-content\/gallery\/northern-region\/052.jpg?t=1489503025\"\n\t\t\tdata-thumbnail=\"https:\/\/www.juhe.ee\/foto\/wp-content\/gallery\/northern-region\/thumbs\/thumbs_052.jpg?t=1489503025\"\n\t\t\tdata-image-id=\"642\"\n\t\t\tdata-image-name=\"052.jpg\"\n\t\t\tdata-title=\"Nordkapp. Tunnusvaade gloobusega\"\n\t\t\tdata-description=\"\"\n\t\t\tdata-image-slug=\"nordkapp-tunnusvaade-gloobusega-1\"\n\t\t\t\t\t\t\t\t\t\t\t\t\t\t\t\t\t\t\t\tclass='thickbox' rel='f3e10ed37b8ebc179857f7ad36075406'>\n\t\t\t\t\t\t\t\t<img\n\t\t\t\t\ttitle=\"Nordkapp. Tunnusvaade gloobusega\"\n\t\t\t\t\talt=\"Nordkapp. Tunnusvaade gloobusega\"\n\t\t\t\t\tsrc=\"https:\/\/www.juhe.ee\/foto\/wp-content\/gallery\/northern-region\/thumbs\/thumbs_052.jpg?t=1489503025\"\n\t\t\t\t\twidth=\"280\"\n\t\t\t\t\theight=\"187\"\n\t\t\t\t\tstyle=\"max-width:100%;\"\n\t\t\t\t\/>\n\t\t\t<\/a>\n\t\t<\/div>\n\t\t\t\t\t\t\t<\/div>\n\t\t\t\n\t\t\t\t<div id=\"ngg-image-52\" class=\"ngg-gallery-thumbnail-box\n\t\t\t\t\t\t\t\t\t\t\t\"\n\t\t\t style=\"display: none;\">\n\t\t\t\t\t\t<div class=\"ngg-gallery-thumbnail\">\n\t\t<a href=\"https:\/\/www.juhe.ee\/foto\/wp-content\/gallery\/northern-region\/053.jpg?t=1489503027\"\n\t\t\ttitle=\"\"\n\t\t\tdata-src=\"https:\/\/www.juhe.ee\/foto\/wp-content\/gallery\/northern-region\/053.jpg?t=1489503027\"\n\t\t\tdata-thumbnail=\"https:\/\/www.juhe.ee\/foto\/wp-content\/gallery\/northern-region\/thumbs\/thumbs_053.jpg?t=1489503027\"\n\t\t\tdata-image-id=\"643\"\n\t\t\tdata-image-name=\"053.jpg\"\n\t\t\tdata-title=\"Nordkapp. J\u00f5udsime ka gloobuse juurde. K\u00f5ige turistikamas p\u00f5hjatipus n\u00fc\u00fcd k\u00e4idud :)\"\n\t\t\tdata-description=\"\"\n\t\t\tdata-image-slug=\"nordkapp-joudsime-ka-gloobuse-juurde-koige-turistikamas-pohjatipus-nuud-kaidud-1\"\n\t\t\t\t\t\t\t\t\t\t\t\t\t\t\t\t\t\t\t\tclass='thickbox' rel='f3e10ed37b8ebc179857f7ad36075406'>\n\t\t\t\t\t\t\t\t<img\n\t\t\t\t\ttitle=\"Nordkapp. J\u00f5udsime ka gloobuse juurde. K\u00f5ige turistikamas p\u00f5hjatipus n\u00fc\u00fcd k\u00e4idud :)\"\n\t\t\t\t\talt=\"Nordkapp. J\u00f5udsime ka gloobuse juurde. K\u00f5ige turistikamas p\u00f5hjatipus n\u00fc\u00fcd k\u00e4idud :)\"\n\t\t\t\t\tsrc=\"https:\/\/www.juhe.ee\/foto\/wp-content\/gallery\/northern-region\/thumbs\/thumbs_053.jpg?t=1489503027\"\n\t\t\t\t\twidth=\"280\"\n\t\t\t\t\theight=\"187\"\n\t\t\t\t\tstyle=\"max-width:100%;\"\n\t\t\t\t\/>\n\t\t\t<\/a>\n\t\t<\/div>\n\t\t\t\t\t\t\t<\/div>\n\t\t\t\n\t\t\t\t<div id=\"ngg-image-53\" class=\"ngg-gallery-thumbnail-box\n\t\t\t\t\t\t\t\t\t\t\t\"\n\t\t\t style=\"display: none;\">\n\t\t\t\t\t\t<div class=\"ngg-gallery-thumbnail\">\n\t\t<a href=\"https:\/\/www.juhe.ee\/foto\/wp-content\/gallery\/northern-region\/054.jpg?t=1489503028\"\n\t\t\ttitle=\"\"\n\t\t\tdata-src=\"https:\/\/www.juhe.ee\/foto\/wp-content\/gallery\/northern-region\/054.jpg?t=1489503028\"\n\t\t\tdata-thumbnail=\"https:\/\/www.juhe.ee\/foto\/wp-content\/gallery\/northern-region\/thumbs\/thumbs_054.jpg?t=1489503028\"\n\t\t\tdata-image-id=\"644\"\n\t\t\tdata-image-name=\"054.jpg\"\n\t\t\tdata-title=\"Nordkapp. 1907 k\u00fclastas Nordkappi Siiami (Tai) kuningas Chulalongkorn ehk Rama V. Selle auks n\u00fc\u00fcd muidu t\u00fchjav\u00f5itu muuseumis eraldi tuba.\"\n\t\t\tdata-description=\"\"\n\t\t\tdata-image-slug=\"054-2\"\n\t\t\t\t\t\t\t\t\t\t\t\t\t\t\t\t\t\t\t\tclass='thickbox' rel='f3e10ed37b8ebc179857f7ad36075406'>\n\t\t\t\t\t\t\t\t<img\n\t\t\t\t\ttitle=\"Nordkapp. 1907 k\u00fclastas Nordkappi Siiami (Tai) kuningas Chulalongkorn ehk Rama V. Selle auks n\u00fc\u00fcd muidu t\u00fchjav\u00f5itu muuseumis eraldi tuba.\"\n\t\t\t\t\talt=\"Nordkapp. 1907 k\u00fclastas Nordkappi Siiami (Tai) kuningas Chulalongkorn ehk Rama V. Selle auks n\u00fc\u00fcd muidu t\u00fchjav\u00f5itu muuseumis eraldi tuba.\"\n\t\t\t\t\tsrc=\"https:\/\/www.juhe.ee\/foto\/wp-content\/gallery\/northern-region\/thumbs\/thumbs_054.jpg?t=1489503028\"\n\t\t\t\t\twidth=\"280\"\n\t\t\t\t\theight=\"187\"\n\t\t\t\t\tstyle=\"max-width:100%;\"\n\t\t\t\t\/>\n\t\t\t<\/a>\n\t\t<\/div>\n\t\t\t\t\t\t\t<\/div>\n\t\t\t\n\t\t\t\t<div id=\"ngg-image-54\" class=\"ngg-gallery-thumbnail-box\n\t\t\t\t\t\t\t\t\t\t\t\"\n\t\t\t style=\"display: none;\">\n\t\t\t\t\t\t<div class=\"ngg-gallery-thumbnail\">\n\t\t<a href=\"https:\/\/www.juhe.ee\/foto\/wp-content\/gallery\/northern-region\/055.jpg?t=1489503030\"\n\t\t\ttitle=\"\"\n\t\t\tdata-src=\"https:\/\/www.juhe.ee\/foto\/wp-content\/gallery\/northern-region\/055.jpg?t=1489503030\"\n\t\t\tdata-thumbnail=\"https:\/\/www.juhe.ee\/foto\/wp-content\/gallery\/northern-region\/thumbs\/thumbs_055.jpg?t=1489503030\"\n\t\t\tdata-image-id=\"645\"\n\t\t\tdata-image-name=\"055.jpg\"\n\t\t\tdata-title=\"Nordkapp. Kuningal on ainult merevaade.\"\n\t\t\tdata-description=\"\"\n\t\t\tdata-image-slug=\"055-2\"\n\t\t\t\t\t\t\t\t\t\t\t\t\t\t\t\t\t\t\t\tclass='thickbox' rel='f3e10ed37b8ebc179857f7ad36075406'>\n\t\t\t\t\t\t\t\t<img\n\t\t\t\t\ttitle=\"Nordkapp. Kuningal on ainult merevaade.\"\n\t\t\t\t\talt=\"Nordkapp. Kuningal on ainult merevaade.\"\n\t\t\t\t\tsrc=\"https:\/\/www.juhe.ee\/foto\/wp-content\/gallery\/northern-region\/thumbs\/thumbs_055.jpg?t=1489503030\"\n\t\t\t\t\twidth=\"280\"\n\t\t\t\t\theight=\"187\"\n\t\t\t\t\tstyle=\"max-width:100%;\"\n\t\t\t\t\/>\n\t\t\t<\/a>\n\t\t<\/div>\n\t\t\t\t\t\t\t<\/div>\n\t\t\t\n\t\t\t\t<div id=\"ngg-image-55\" class=\"ngg-gallery-thumbnail-box\n\t\t\t\t\t\t\t\t\t\t\t\"\n\t\t\t style=\"display: none;\">\n\t\t\t\t\t\t<div class=\"ngg-gallery-thumbnail\">\n\t\t<a href=\"https:\/\/www.juhe.ee\/foto\/wp-content\/gallery\/northern-region\/056.jpg?t=1489503032\"\n\t\t\ttitle=\"\"\n\t\t\tdata-src=\"https:\/\/www.juhe.ee\/foto\/wp-content\/gallery\/northern-region\/056.jpg?t=1489503032\"\n\t\t\tdata-thumbnail=\"https:\/\/www.juhe.ee\/foto\/wp-content\/gallery\/northern-region\/thumbs\/thumbs_056.jpg?t=1489503032\"\n\t\t\tdata-image-id=\"646\"\n\t\t\tdata-image-name=\"056.jpg\"\n\t\t\tdata-title=\"Nordkapp. Kogu reisi k\u00f5ige s\u00fcmpaatsem autoelamu (olulised m\u00e4rks\u00f5nad ka: seisis parklas).\"\n\t\t\tdata-description=\"\"\n\t\t\tdata-image-slug=\"056-2\"\n\t\t\t\t\t\t\t\t\t\t\t\t\t\t\t\t\t\t\t\tclass='thickbox' rel='f3e10ed37b8ebc179857f7ad36075406'>\n\t\t\t\t\t\t\t\t<img\n\t\t\t\t\ttitle=\"Nordkapp. Kogu reisi k\u00f5ige s\u00fcmpaatsem autoelamu (olulised m\u00e4rks\u00f5nad ka: seisis parklas).\"\n\t\t\t\t\talt=\"Nordkapp. Kogu reisi k\u00f5ige s\u00fcmpaatsem autoelamu (olulised m\u00e4rks\u00f5nad ka: seisis parklas).\"\n\t\t\t\t\tsrc=\"https:\/\/www.juhe.ee\/foto\/wp-content\/gallery\/northern-region\/thumbs\/thumbs_056.jpg?t=1489503032\"\n\t\t\t\t\twidth=\"280\"\n\t\t\t\t\theight=\"187\"\n\t\t\t\t\tstyle=\"max-width:100%;\"\n\t\t\t\t\/>\n\t\t\t<\/a>\n\t\t<\/div>\n\t\t\t\t\t\t\t<\/div>\n\t\t\t\n\t\t\t\t<div id=\"ngg-image-56\" class=\"ngg-gallery-thumbnail-box\n\t\t\t\t\t\t\t\t\t\t\t\"\n\t\t\t style=\"display: none;\">\n\t\t\t\t\t\t<div class=\"ngg-gallery-thumbnail\">\n\t\t<a href=\"https:\/\/www.juhe.ee\/foto\/wp-content\/gallery\/northern-region\/057.jpg?t=1489503034\"\n\t\t\ttitle=\"\"\n\t\t\tdata-src=\"https:\/\/www.juhe.ee\/foto\/wp-content\/gallery\/northern-region\/057.jpg?t=1489503034\"\n\t\t\tdata-thumbnail=\"https:\/\/www.juhe.ee\/foto\/wp-content\/gallery\/northern-region\/thumbs\/thumbs_057.jpg?t=1489503034\"\n\t\t\tdata-image-id=\"647\"\n\t\t\tdata-image-name=\"057.jpg\"\n\t\t\tdata-title=\"Nordkapp. Lahkumine p\u00f5hjatipust. Tee viib taevasse\"\n\t\t\tdata-description=\"\"\n\t\t\tdata-image-slug=\"057-2\"\n\t\t\t\t\t\t\t\t\t\t\t\t\t\t\t\t\t\t\t\tclass='thickbox' rel='f3e10ed37b8ebc179857f7ad36075406'>\n\t\t\t\t\t\t\t\t<img\n\t\t\t\t\ttitle=\"Nordkapp. Lahkumine p\u00f5hjatipust. Tee viib taevasse\"\n\t\t\t\t\talt=\"Nordkapp. Lahkumine p\u00f5hjatipust. Tee viib taevasse\"\n\t\t\t\t\tsrc=\"https:\/\/www.juhe.ee\/foto\/wp-content\/gallery\/northern-region\/thumbs\/thumbs_057.jpg?t=1489503034\"\n\t\t\t\t\twidth=\"280\"\n\t\t\t\t\theight=\"187\"\n\t\t\t\t\tstyle=\"max-width:100%;\"\n\t\t\t\t\/>\n\t\t\t<\/a>\n\t\t<\/div>\n\t\t\t\t\t\t\t<\/div>\n\t\t\t\n\t\t\t\t<div id=\"ngg-image-57\" class=\"ngg-gallery-thumbnail-box\n\t\t\t\t\t\t\t\t\t\t\t\"\n\t\t\t style=\"display: none;\">\n\t\t\t\t\t\t<div class=\"ngg-gallery-thumbnail\">\n\t\t<a href=\"https:\/\/www.juhe.ee\/foto\/wp-content\/gallery\/northern-region\/058.jpg?t=1489503035\"\n\t\t\ttitle=\"\"\n\t\t\tdata-src=\"https:\/\/www.juhe.ee\/foto\/wp-content\/gallery\/northern-region\/058.jpg?t=1489503035\"\n\t\t\tdata-thumbnail=\"https:\/\/www.juhe.ee\/foto\/wp-content\/gallery\/northern-region\/thumbs\/thumbs_058.jpg?t=1489503035\"\n\t\t\tdata-image-id=\"648\"\n\t\t\tdata-image-name=\"058.jpg\"\n\t\t\tdata-title=\"Kirkeporten. \u00d6\u00f6bimine (polaarp\u00e4evas magamine) oli Kirkeporten Camping\u2019us. Reklaamitakse kui maailma p\u00f5hjapoolseimat telkimisplatsi.\"\n\t\t\tdata-description=\"\"\n\t\t\tdata-image-slug=\"058-2\"\n\t\t\t\t\t\t\t\t\t\t\t\t\t\t\t\t\t\t\t\tclass='thickbox' rel='f3e10ed37b8ebc179857f7ad36075406'>\n\t\t\t\t\t\t\t\t<img\n\t\t\t\t\ttitle=\"Kirkeporten. \u00d6\u00f6bimine (polaarp\u00e4evas magamine) oli Kirkeporten Camping\u2019us. Reklaamitakse kui maailma p\u00f5hjapoolseimat telkimisplatsi.\"\n\t\t\t\t\talt=\"Kirkeporten. \u00d6\u00f6bimine (polaarp\u00e4evas magamine) oli Kirkeporten Camping\u2019us. Reklaamitakse kui maailma p\u00f5hjapoolseimat telkimisplatsi.\"\n\t\t\t\t\tsrc=\"https:\/\/www.juhe.ee\/foto\/wp-content\/gallery\/northern-region\/thumbs\/thumbs_058.jpg?t=1489503035\"\n\t\t\t\t\twidth=\"280\"\n\t\t\t\t\theight=\"187\"\n\t\t\t\t\tstyle=\"max-width:100%;\"\n\t\t\t\t\/>\n\t\t\t<\/a>\n\t\t<\/div>\n\t\t\t\t\t\t\t<\/div>\n\t\t\t\n\t\t\t\t<div id=\"ngg-image-58\" class=\"ngg-gallery-thumbnail-box\n\t\t\t\t\t\t\t\t\t\t\t\"\n\t\t\t style=\"display: none;\">\n\t\t\t\t\t\t<div class=\"ngg-gallery-thumbnail\">\n\t\t<a href=\"https:\/\/www.juhe.ee\/foto\/wp-content\/gallery\/northern-region\/059.jpg?t=1489503038\"\n\t\t\ttitle=\"\"\n\t\t\tdata-src=\"https:\/\/www.juhe.ee\/foto\/wp-content\/gallery\/northern-region\/059.jpg?t=1489503038\"\n\t\t\tdata-thumbnail=\"https:\/\/www.juhe.ee\/foto\/wp-content\/gallery\/northern-region\/thumbs\/thumbs_059.jpg?t=1489503038\"\n\t\t\tdata-image-id=\"649\"\n\t\t\tdata-image-name=\"059.jpg\"\n\t\t\tdata-title=\"Skarsv\u00e5g. Eelmise p\u00e4eva k\u00e4igud on tegelikult n\u00e4ha.\"\n\t\t\tdata-description=\"\"\n\t\t\tdata-image-slug=\"059-2\"\n\t\t\t\t\t\t\t\t\t\t\t\t\t\t\t\t\t\t\t\tclass='thickbox' rel='f3e10ed37b8ebc179857f7ad36075406'>\n\t\t\t\t\t\t\t\t<img\n\t\t\t\t\ttitle=\"Skarsv\u00e5g. Eelmise p\u00e4eva k\u00e4igud on tegelikult n\u00e4ha.\"\n\t\t\t\t\talt=\"Skarsv\u00e5g. Eelmise p\u00e4eva k\u00e4igud on tegelikult n\u00e4ha.\"\n\t\t\t\t\tsrc=\"https:\/\/www.juhe.ee\/foto\/wp-content\/gallery\/northern-region\/thumbs\/thumbs_059.jpg?t=1489503038\"\n\t\t\t\t\twidth=\"280\"\n\t\t\t\t\theight=\"187\"\n\t\t\t\t\tstyle=\"max-width:100%;\"\n\t\t\t\t\/>\n\t\t\t<\/a>\n\t\t<\/div>\n\t\t\t\t\t\t\t<\/div>\n\t\t\t\n\t\t\t\t<div id=\"ngg-image-59\" class=\"ngg-gallery-thumbnail-box\n\t\t\t\t\t\t\t\t\t\t\t\"\n\t\t\t style=\"display: none;\">\n\t\t\t\t\t\t<div class=\"ngg-gallery-thumbnail\">\n\t\t<a href=\"https:\/\/www.juhe.ee\/foto\/wp-content\/gallery\/northern-region\/060.jpg?t=1489503039\"\n\t\t\ttitle=\"\"\n\t\t\tdata-src=\"https:\/\/www.juhe.ee\/foto\/wp-content\/gallery\/northern-region\/060.jpg?t=1489503039\"\n\t\t\tdata-thumbnail=\"https:\/\/www.juhe.ee\/foto\/wp-content\/gallery\/northern-region\/thumbs\/thumbs_060.jpg?t=1489503039\"\n\t\t\tdata-image-id=\"650\"\n\t\t\tdata-image-name=\"060.jpg\"\n\t\t\tdata-title=\"Honningsv\u00e5g. Mager\u00f8ya saare (Nordkapp ka seal) suurim linn.\"\n\t\t\tdata-description=\"\"\n\t\t\tdata-image-slug=\"060-2\"\n\t\t\t\t\t\t\t\t\t\t\t\t\t\t\t\t\t\t\t\tclass='thickbox' rel='f3e10ed37b8ebc179857f7ad36075406'>\n\t\t\t\t\t\t\t\t<img\n\t\t\t\t\ttitle=\"Honningsv\u00e5g. Mager\u00f8ya saare (Nordkapp ka seal) suurim linn.\"\n\t\t\t\t\talt=\"Honningsv\u00e5g. Mager\u00f8ya saare (Nordkapp ka seal) suurim linn.\"\n\t\t\t\t\tsrc=\"https:\/\/www.juhe.ee\/foto\/wp-content\/gallery\/northern-region\/thumbs\/thumbs_060.jpg?t=1489503039\"\n\t\t\t\t\twidth=\"280\"\n\t\t\t\t\theight=\"187\"\n\t\t\t\t\tstyle=\"max-width:100%;\"\n\t\t\t\t\/>\n\t\t\t<\/a>\n\t\t<\/div>\n\t\t\t\t\t\t\t<\/div>\n\t\t\t\n\t\t\t\t<div id=\"ngg-image-60\" class=\"ngg-gallery-thumbnail-box\n\t\t\t\t\t\t\t\t\t\t\t\"\n\t\t\t style=\"display: none;\">\n\t\t\t\t\t\t<div class=\"ngg-gallery-thumbnail\">\n\t\t<a href=\"https:\/\/www.juhe.ee\/foto\/wp-content\/gallery\/northern-region\/061.jpg?t=1489503041\"\n\t\t\ttitle=\"\"\n\t\t\tdata-src=\"https:\/\/www.juhe.ee\/foto\/wp-content\/gallery\/northern-region\/061.jpg?t=1489503041\"\n\t\t\tdata-thumbnail=\"https:\/\/www.juhe.ee\/foto\/wp-content\/gallery\/northern-region\/thumbs\/thumbs_061.jpg?t=1489503041\"\n\t\t\tdata-image-id=\"651\"\n\t\t\tdata-image-name=\"061.jpg\"\n\t\t\tdata-title=\"Honningsv\u00e5g. Paremal \u00e4\u00e4res Norra maskott ja kangelane II maailmas\u00f5ja ajal \u2013 Bamse. http:\/\/en.wikipedia.org\/wiki\/Bamse_(St._Bernard)\"\n\t\t\tdata-description=\"\"\n\t\t\tdata-image-slug=\"061-2\"\n\t\t\t\t\t\t\t\t\t\t\t\t\t\t\t\t\t\t\t\tclass='thickbox' rel='f3e10ed37b8ebc179857f7ad36075406'>\n\t\t\t\t\t\t\t\t<img\n\t\t\t\t\ttitle=\"Honningsv\u00e5g. Paremal \u00e4\u00e4res Norra maskott ja kangelane II maailmas\u00f5ja ajal \u2013 Bamse. http:\/\/en.wikipedia.org\/wiki\/Bamse_(St._Bernard)\"\n\t\t\t\t\talt=\"Honningsv\u00e5g. Paremal \u00e4\u00e4res Norra maskott ja kangelane II maailmas\u00f5ja ajal \u2013 Bamse. http:\/\/en.wikipedia.org\/wiki\/Bamse_(St._Bernard)\"\n\t\t\t\t\tsrc=\"https:\/\/www.juhe.ee\/foto\/wp-content\/gallery\/northern-region\/thumbs\/thumbs_061.jpg?t=1489503041\"\n\t\t\t\t\twidth=\"280\"\n\t\t\t\t\theight=\"187\"\n\t\t\t\t\tstyle=\"max-width:100%;\"\n\t\t\t\t\/>\n\t\t\t<\/a>\n\t\t<\/div>\n\t\t\t\t\t\t\t<\/div>\n\t\t\t\n\t\t\t\t<div id=\"ngg-image-61\" class=\"ngg-gallery-thumbnail-box\n\t\t\t\t\t\t\t\t\t\t\t\"\n\t\t\t style=\"display: none;\">\n\t\t\t\t\t\t<div class=\"ngg-gallery-thumbnail\">\n\t\t<a href=\"https:\/\/www.juhe.ee\/foto\/wp-content\/gallery\/northern-region\/062.jpg?t=1489503043\"\n\t\t\ttitle=\"\"\n\t\t\tdata-src=\"https:\/\/www.juhe.ee\/foto\/wp-content\/gallery\/northern-region\/062.jpg?t=1489503043\"\n\t\t\tdata-thumbnail=\"https:\/\/www.juhe.ee\/foto\/wp-content\/gallery\/northern-region\/thumbs\/thumbs_062.jpg?t=1489503043\"\n\t\t\tdata-image-id=\"652\"\n\t\t\tdata-image-name=\"062.jpg\"\n\t\t\tdata-title=\"M\u00f5\u00f5n Porsangerfjordenis\"\n\t\t\tdata-description=\"\"\n\t\t\tdata-image-slug=\"062-2\"\n\t\t\t\t\t\t\t\t\t\t\t\t\t\t\t\t\t\t\t\tclass='thickbox' rel='f3e10ed37b8ebc179857f7ad36075406'>\n\t\t\t\t\t\t\t\t<img\n\t\t\t\t\ttitle=\"M\u00f5\u00f5n Porsangerfjordenis\"\n\t\t\t\t\talt=\"M\u00f5\u00f5n Porsangerfjordenis\"\n\t\t\t\t\tsrc=\"https:\/\/www.juhe.ee\/foto\/wp-content\/gallery\/northern-region\/thumbs\/thumbs_062.jpg?t=1489503043\"\n\t\t\t\t\twidth=\"280\"\n\t\t\t\t\theight=\"187\"\n\t\t\t\t\tstyle=\"max-width:100%;\"\n\t\t\t\t\/>\n\t\t\t<\/a>\n\t\t<\/div>\n\t\t\t\t\t\t\t<\/div>\n\t\t\t\n\t\t\t\t<div id=\"ngg-image-62\" class=\"ngg-gallery-thumbnail-box\n\t\t\t\t\t\t\t\t\t\t\t\"\n\t\t\t style=\"display: none;\">\n\t\t\t\t\t\t<div class=\"ngg-gallery-thumbnail\">\n\t\t<a href=\"https:\/\/www.juhe.ee\/foto\/wp-content\/gallery\/northern-region\/063.jpg?t=1489503045\"\n\t\t\ttitle=\"\"\n\t\t\tdata-src=\"https:\/\/www.juhe.ee\/foto\/wp-content\/gallery\/northern-region\/063.jpg?t=1489503045\"\n\t\t\tdata-thumbnail=\"https:\/\/www.juhe.ee\/foto\/wp-content\/gallery\/northern-region\/thumbs\/thumbs_063.jpg?t=1489503045\"\n\t\t\tdata-image-id=\"653\"\n\t\t\tdata-image-name=\"063.jpg\"\n\t\t\tdata-title=\"Tagasi sisemaal. Kauge vaade kaunile Silfari kanjonile\"\n\t\t\tdata-description=\"\"\n\t\t\tdata-image-slug=\"063-2\"\n\t\t\t\t\t\t\t\t\t\t\t\t\t\t\t\t\t\t\t\tclass='thickbox' rel='f3e10ed37b8ebc179857f7ad36075406'>\n\t\t\t\t\t\t\t\t<img\n\t\t\t\t\ttitle=\"Tagasi sisemaal. Kauge vaade kaunile Silfari kanjonile\"\n\t\t\t\t\talt=\"Tagasi sisemaal. Kauge vaade kaunile Silfari kanjonile\"\n\t\t\t\t\tsrc=\"https:\/\/www.juhe.ee\/foto\/wp-content\/gallery\/northern-region\/thumbs\/thumbs_063.jpg?t=1489503045\"\n\t\t\t\t\twidth=\"280\"\n\t\t\t\t\theight=\"187\"\n\t\t\t\t\tstyle=\"max-width:100%;\"\n\t\t\t\t\/>\n\t\t\t<\/a>\n\t\t<\/div>\n\t\t\t\t\t\t\t<\/div>\n\t\t\t\n\t\t\t\t<div id=\"ngg-image-63\" class=\"ngg-gallery-thumbnail-box\n\t\t\t\t\t\t\t\t\t\t\t\"\n\t\t\t style=\"display: none;\">\n\t\t\t\t\t\t<div class=\"ngg-gallery-thumbnail\">\n\t\t<a href=\"https:\/\/www.juhe.ee\/foto\/wp-content\/gallery\/northern-region\/064.jpg?t=1489503047\"\n\t\t\ttitle=\"\"\n\t\t\tdata-src=\"https:\/\/www.juhe.ee\/foto\/wp-content\/gallery\/northern-region\/064.jpg?t=1489503047\"\n\t\t\tdata-thumbnail=\"https:\/\/www.juhe.ee\/foto\/wp-content\/gallery\/northern-region\/thumbs\/thumbs_064.jpg?t=1489503047\"\n\t\t\tdata-image-id=\"654\"\n\t\t\tdata-image-name=\"064.jpg\"\n\t\t\tdata-title=\"Reisi vaimseks keskpunktiks oli Tana Bru ning sild \u00fcle Teno (Tana) j\u00f5e\"\n\t\t\tdata-description=\"\"\n\t\t\tdata-image-slug=\"064-2\"\n\t\t\t\t\t\t\t\t\t\t\t\t\t\t\t\t\t\t\t\tclass='thickbox' rel='f3e10ed37b8ebc179857f7ad36075406'>\n\t\t\t\t\t\t\t\t<img\n\t\t\t\t\ttitle=\"Reisi vaimseks keskpunktiks oli Tana Bru ning sild \u00fcle Teno (Tana) j\u00f5e\"\n\t\t\t\t\talt=\"Reisi vaimseks keskpunktiks oli Tana Bru ning sild \u00fcle Teno (Tana) j\u00f5e\"\n\t\t\t\t\tsrc=\"https:\/\/www.juhe.ee\/foto\/wp-content\/gallery\/northern-region\/thumbs\/thumbs_064.jpg?t=1489503047\"\n\t\t\t\t\twidth=\"280\"\n\t\t\t\t\theight=\"187\"\n\t\t\t\t\tstyle=\"max-width:100%;\"\n\t\t\t\t\/>\n\t\t\t<\/a>\n\t\t<\/div>\n\t\t\t\t\t\t\t<\/div>\n\t\t\t\n\t\t\t\t<div id=\"ngg-image-64\" class=\"ngg-gallery-thumbnail-box\n\t\t\t\t\t\t\t\t\t\t\t\"\n\t\t\t style=\"display: none;\">\n\t\t\t\t\t\t<div class=\"ngg-gallery-thumbnail\">\n\t\t<a href=\"https:\/\/www.juhe.ee\/foto\/wp-content\/gallery\/northern-region\/065.jpg?t=1489503049\"\n\t\t\ttitle=\"\"\n\t\t\tdata-src=\"https:\/\/www.juhe.ee\/foto\/wp-content\/gallery\/northern-region\/065.jpg?t=1489503049\"\n\t\t\tdata-thumbnail=\"https:\/\/www.juhe.ee\/foto\/wp-content\/gallery\/northern-region\/thumbs\/thumbs_065.jpg?t=1489503049\"\n\t\t\tdata-image-id=\"655\"\n\t\t\tdata-image-name=\"065.jpg\"\n\t\t\tdata-title=\"Teel Vads\u00f8 poole. Oli j\u00e4rv ja puud ja murakad\"\n\t\t\tdata-description=\"\"\n\t\t\tdata-image-slug=\"065-2\"\n\t\t\t\t\t\t\t\t\t\t\t\t\t\t\t\t\t\t\t\tclass='thickbox' rel='f3e10ed37b8ebc179857f7ad36075406'>\n\t\t\t\t\t\t\t\t<img\n\t\t\t\t\ttitle=\"Teel Vads\u00f8 poole. Oli j\u00e4rv ja puud ja murakad\"\n\t\t\t\t\talt=\"Teel Vads\u00f8 poole. Oli j\u00e4rv ja puud ja murakad\"\n\t\t\t\t\tsrc=\"https:\/\/www.juhe.ee\/foto\/wp-content\/gallery\/northern-region\/thumbs\/thumbs_065.jpg?t=1489503049\"\n\t\t\t\t\twidth=\"280\"\n\t\t\t\t\theight=\"187\"\n\t\t\t\t\tstyle=\"max-width:100%;\"\n\t\t\t\t\/>\n\t\t\t<\/a>\n\t\t<\/div>\n\t\t\t\t\t\t\t<\/div>\n\t\t\t\n\t\t\t\t<div id=\"ngg-image-65\" class=\"ngg-gallery-thumbnail-box\n\t\t\t\t\t\t\t\t\t\t\t\"\n\t\t\t style=\"display: none;\">\n\t\t\t\t\t\t<div class=\"ngg-gallery-thumbnail\">\n\t\t<a href=\"https:\/\/www.juhe.ee\/foto\/wp-content\/gallery\/northern-region\/066.jpg?t=1489503051\"\n\t\t\ttitle=\"\"\n\t\t\tdata-src=\"https:\/\/www.juhe.ee\/foto\/wp-content\/gallery\/northern-region\/066.jpg?t=1489503051\"\n\t\t\tdata-thumbnail=\"https:\/\/www.juhe.ee\/foto\/wp-content\/gallery\/northern-region\/thumbs\/thumbs_066.jpg?t=1489503051\"\n\t\t\tdata-image-id=\"656\"\n\t\t\tdata-image-name=\"066.jpg\"\n\t\t\tdata-title=\"Teel Vads\u00f8 poole. Murakas\"\n\t\t\tdata-description=\"\"\n\t\t\tdata-image-slug=\"066-2\"\n\t\t\t\t\t\t\t\t\t\t\t\t\t\t\t\t\t\t\t\tclass='thickbox' rel='f3e10ed37b8ebc179857f7ad36075406'>\n\t\t\t\t\t\t\t\t<img\n\t\t\t\t\ttitle=\"Teel Vads\u00f8 poole. Murakas\"\n\t\t\t\t\talt=\"Teel Vads\u00f8 poole. Murakas\"\n\t\t\t\t\tsrc=\"https:\/\/www.juhe.ee\/foto\/wp-content\/gallery\/northern-region\/thumbs\/thumbs_066.jpg?t=1489503051\"\n\t\t\t\t\twidth=\"280\"\n\t\t\t\t\theight=\"187\"\n\t\t\t\t\tstyle=\"max-width:100%;\"\n\t\t\t\t\/>\n\t\t\t<\/a>\n\t\t<\/div>\n\t\t\t\t\t\t\t<\/div>\n\t\t\t\n\t\t\t\t<div id=\"ngg-image-66\" class=\"ngg-gallery-thumbnail-box\n\t\t\t\t\t\t\t\t\t\t\t\"\n\t\t\t style=\"display: none;\">\n\t\t\t\t\t\t<div class=\"ngg-gallery-thumbnail\">\n\t\t<a href=\"https:\/\/www.juhe.ee\/foto\/wp-content\/gallery\/northern-region\/067.jpg?t=1489503053\"\n\t\t\ttitle=\"\"\n\t\t\tdata-src=\"https:\/\/www.juhe.ee\/foto\/wp-content\/gallery\/northern-region\/067.jpg?t=1489503053\"\n\t\t\tdata-thumbnail=\"https:\/\/www.juhe.ee\/foto\/wp-content\/gallery\/northern-region\/thumbs\/thumbs_067.jpg?t=1489503053\"\n\t\t\tdata-image-id=\"657\"\n\t\t\tdata-image-name=\"067.jpg\"\n\t\t\tdata-title=\"Vestre Jakobselv Camping. Kalamees tegi n\u00e4ituse\"\n\t\t\tdata-description=\"\"\n\t\t\tdata-image-slug=\"067-2\"\n\t\t\t\t\t\t\t\t\t\t\t\t\t\t\t\t\t\t\t\tclass='thickbox' rel='f3e10ed37b8ebc179857f7ad36075406'>\n\t\t\t\t\t\t\t\t<img\n\t\t\t\t\ttitle=\"Vestre Jakobselv Camping. Kalamees tegi n\u00e4ituse\"\n\t\t\t\t\talt=\"Vestre Jakobselv Camping. Kalamees tegi n\u00e4ituse\"\n\t\t\t\t\tsrc=\"https:\/\/www.juhe.ee\/foto\/wp-content\/gallery\/northern-region\/thumbs\/thumbs_067.jpg?t=1489503053\"\n\t\t\t\t\twidth=\"280\"\n\t\t\t\t\theight=\"187\"\n\t\t\t\t\tstyle=\"max-width:100%;\"\n\t\t\t\t\/>\n\t\t\t<\/a>\n\t\t<\/div>\n\t\t\t\t\t\t\t<\/div>\n\t\t\t\n\t\t\t\t<div id=\"ngg-image-67\" class=\"ngg-gallery-thumbnail-box\n\t\t\t\t\t\t\t\t\t\t\t\"\n\t\t\t style=\"display: none;\">\n\t\t\t\t\t\t<div class=\"ngg-gallery-thumbnail\">\n\t\t<a href=\"https:\/\/www.juhe.ee\/foto\/wp-content\/gallery\/northern-region\/068.jpg?t=1489503055\"\n\t\t\ttitle=\"\"\n\t\t\tdata-src=\"https:\/\/www.juhe.ee\/foto\/wp-content\/gallery\/northern-region\/068.jpg?t=1489503055\"\n\t\t\tdata-thumbnail=\"https:\/\/www.juhe.ee\/foto\/wp-content\/gallery\/northern-region\/thumbs\/thumbs_068.jpg?t=1489503055\"\n\t\t\tdata-image-id=\"658\"\n\t\t\tdata-image-name=\"068.jpg\"\n\t\t\tdata-title=\"Vard\u00f8. Piilub. N\u00e4gime juba Hammerfestist tuttavat laeva. Norra ringh\u00e4\u00e4ling (NRK) teeb 80. juubeli puhul suvetuuri.\"\n\t\t\tdata-description=\"\"\n\t\t\tdata-image-slug=\"068-3\"\n\t\t\t\t\t\t\t\t\t\t\t\t\t\t\t\t\t\t\t\tclass='thickbox' rel='f3e10ed37b8ebc179857f7ad36075406'>\n\t\t\t\t\t\t\t\t<img\n\t\t\t\t\ttitle=\"Vard\u00f8. Piilub. N\u00e4gime juba Hammerfestist tuttavat laeva. Norra ringh\u00e4\u00e4ling (NRK) teeb 80. juubeli puhul suvetuuri.\"\n\t\t\t\t\talt=\"Vard\u00f8. Piilub. N\u00e4gime juba Hammerfestist tuttavat laeva. Norra ringh\u00e4\u00e4ling (NRK) teeb 80. juubeli puhul suvetuuri.\"\n\t\t\t\t\tsrc=\"https:\/\/www.juhe.ee\/foto\/wp-content\/gallery\/northern-region\/thumbs\/thumbs_068.jpg?t=1489503055\"\n\t\t\t\t\twidth=\"280\"\n\t\t\t\t\theight=\"187\"\n\t\t\t\t\tstyle=\"max-width:100%;\"\n\t\t\t\t\/>\n\t\t\t<\/a>\n\t\t<\/div>\n\t\t\t\t\t\t\t<\/div>\n\t\t\t\n\t\t\t\t<div id=\"ngg-image-68\" class=\"ngg-gallery-thumbnail-box\n\t\t\t\t\t\t\t\t\t\t\t\"\n\t\t\t style=\"display: none;\">\n\t\t\t\t\t\t<div class=\"ngg-gallery-thumbnail\">\n\t\t<a href=\"https:\/\/www.juhe.ee\/foto\/wp-content\/gallery\/northern-region\/069.jpg?t=1489503057\"\n\t\t\ttitle=\"\"\n\t\t\tdata-src=\"https:\/\/www.juhe.ee\/foto\/wp-content\/gallery\/northern-region\/069.jpg?t=1489503057\"\n\t\t\tdata-thumbnail=\"https:\/\/www.juhe.ee\/foto\/wp-content\/gallery\/northern-region\/thumbs\/thumbs_069.jpg?t=1489503057\"\n\t\t\tdata-image-id=\"659\"\n\t\t\tdata-image-name=\"069.jpg\"\n\t\t\tdata-title=\"Vard\u00f8. Kohaliku elu r\u00fctm: eternal light, eternal night\"\n\t\t\tdata-description=\"\"\n\t\t\tdata-image-slug=\"069-3\"\n\t\t\t\t\t\t\t\t\t\t\t\t\t\t\t\t\t\t\t\tclass='thickbox' rel='f3e10ed37b8ebc179857f7ad36075406'>\n\t\t\t\t\t\t\t\t<img\n\t\t\t\t\ttitle=\"Vard\u00f8. Kohaliku elu r\u00fctm: eternal light, eternal night\"\n\t\t\t\t\talt=\"Vard\u00f8. Kohaliku elu r\u00fctm: eternal light, eternal night\"\n\t\t\t\t\tsrc=\"https:\/\/www.juhe.ee\/foto\/wp-content\/gallery\/northern-region\/thumbs\/thumbs_069.jpg?t=1489503057\"\n\t\t\t\t\twidth=\"280\"\n\t\t\t\t\theight=\"187\"\n\t\t\t\t\tstyle=\"max-width:100%;\"\n\t\t\t\t\/>\n\t\t\t<\/a>\n\t\t<\/div>\n\t\t\t\t\t\t\t<\/div>\n\t\t\t\n\t\t\t\t<div id=\"ngg-image-69\" class=\"ngg-gallery-thumbnail-box\n\t\t\t\t\t\t\t\t\t\t\t\"\n\t\t\t style=\"display: none;\">\n\t\t\t\t\t\t<div class=\"ngg-gallery-thumbnail\">\n\t\t<a href=\"https:\/\/www.juhe.ee\/foto\/wp-content\/gallery\/northern-region\/070.jpg?t=1489503059\"\n\t\t\ttitle=\"\"\n\t\t\tdata-src=\"https:\/\/www.juhe.ee\/foto\/wp-content\/gallery\/northern-region\/070.jpg?t=1489503059\"\n\t\t\tdata-thumbnail=\"https:\/\/www.juhe.ee\/foto\/wp-content\/gallery\/northern-region\/thumbs\/thumbs_070.jpg?t=1489503059\"\n\t\t\tdata-image-id=\"660\"\n\t\t\tdata-image-name=\"070.jpg\"\n\t\t\tdata-title=\"Vard\u00f8 kindlus. King Christian IV once visited the second fortress in Vard\u00f8, in 1599. In one of the small buildings he bumped his head into a beam in the ceiling. He ordered this to be taken down, and he later signed it. After that every royalty that visited, also signed it.\"\n\t\t\tdata-description=\"\"\n\t\t\tdata-image-slug=\"070-3\"\n\t\t\t\t\t\t\t\t\t\t\t\t\t\t\t\t\t\t\t\tclass='thickbox' rel='f3e10ed37b8ebc179857f7ad36075406'>\n\t\t\t\t\t\t\t\t<img\n\t\t\t\t\ttitle=\"Vard\u00f8 kindlus. King Christian IV once visited the second fortress in Vard\u00f8, in 1599. In one of the small buildings he bumped his head into a beam in the ceiling. He ordered this to be taken down, and he later signed it. After that every royalty that visited, also signed it.\"\n\t\t\t\t\talt=\"Vard\u00f8 kindlus. King Christian IV once visited the second fortress in Vard\u00f8, in 1599. In one of the small buildings he bumped his head into a beam in the ceiling. He ordered this to be taken down, and he later signed it. After that every royalty that visited, also signed it.\"\n\t\t\t\t\tsrc=\"https:\/\/www.juhe.ee\/foto\/wp-content\/gallery\/northern-region\/thumbs\/thumbs_070.jpg?t=1489503059\"\n\t\t\t\t\twidth=\"280\"\n\t\t\t\t\theight=\"187\"\n\t\t\t\t\tstyle=\"max-width:100%;\"\n\t\t\t\t\/>\n\t\t\t<\/a>\n\t\t<\/div>\n\t\t\t\t\t\t\t<\/div>\n\t\t\t\n\t\t\t\t<div id=\"ngg-image-70\" class=\"ngg-gallery-thumbnail-box\n\t\t\t\t\t\t\t\t\t\t\t\"\n\t\t\t style=\"display: none;\">\n\t\t\t\t\t\t<div class=\"ngg-gallery-thumbnail\">\n\t\t<a href=\"https:\/\/www.juhe.ee\/foto\/wp-content\/gallery\/northern-region\/071.jpg?t=1489503061\"\n\t\t\ttitle=\"\"\n\t\t\tdata-src=\"https:\/\/www.juhe.ee\/foto\/wp-content\/gallery\/northern-region\/071.jpg?t=1489503061\"\n\t\t\tdata-thumbnail=\"https:\/\/www.juhe.ee\/foto\/wp-content\/gallery\/northern-region\/thumbs\/thumbs_071.jpg?t=1489503061\"\n\t\t\tdata-image-id=\"661\"\n\t\t\tdata-image-name=\"071.jpg\"\n\t\t\tdata-title=\"Maailma p\u00f5hjapoolseim. Vard\u00f8 kindlus\"\n\t\t\tdata-description=\"\"\n\t\t\tdata-image-slug=\"071-3\"\n\t\t\t\t\t\t\t\t\t\t\t\t\t\t\t\t\t\t\t\tclass='thickbox' rel='f3e10ed37b8ebc179857f7ad36075406'>\n\t\t\t\t\t\t\t\t<img\n\t\t\t\t\ttitle=\"Maailma p\u00f5hjapoolseim. Vard\u00f8 kindlus\"\n\t\t\t\t\talt=\"Maailma p\u00f5hjapoolseim. Vard\u00f8 kindlus\"\n\t\t\t\t\tsrc=\"https:\/\/www.juhe.ee\/foto\/wp-content\/gallery\/northern-region\/thumbs\/thumbs_071.jpg?t=1489503061\"\n\t\t\t\t\twidth=\"280\"\n\t\t\t\t\theight=\"187\"\n\t\t\t\t\tstyle=\"max-width:100%;\"\n\t\t\t\t\/>\n\t\t\t<\/a>\n\t\t<\/div>\n\t\t\t\t\t\t\t<\/div>\n\t\t\t\n\t\t\t\t<div id=\"ngg-image-71\" class=\"ngg-gallery-thumbnail-box\n\t\t\t\t\t\t\t\t\t\t\t\"\n\t\t\t style=\"display: none;\">\n\t\t\t\t\t\t<div class=\"ngg-gallery-thumbnail\">\n\t\t<a href=\"https:\/\/www.juhe.ee\/foto\/wp-content\/gallery\/northern-region\/072.jpg?t=1489503063\"\n\t\t\ttitle=\"\"\n\t\t\tdata-src=\"https:\/\/www.juhe.ee\/foto\/wp-content\/gallery\/northern-region\/072.jpg?t=1489503063\"\n\t\t\tdata-thumbnail=\"https:\/\/www.juhe.ee\/foto\/wp-content\/gallery\/northern-region\/thumbs\/thumbs_072.jpg?t=1489503063\"\n\t\t\tdata-image-id=\"662\"\n\t\t\tdata-image-name=\"072.jpg\"\n\t\t\tdata-title=\"Vard\u00f8 kindlus. Istutatud pihlakad peavad muidu jahedale kliimale vastu. Koertel ka koht, kus jalga t\u00f5sta\"\n\t\t\tdata-description=\"\"\n\t\t\tdata-image-slug=\"072-3\"\n\t\t\t\t\t\t\t\t\t\t\t\t\t\t\t\t\t\t\t\tclass='thickbox' rel='f3e10ed37b8ebc179857f7ad36075406'>\n\t\t\t\t\t\t\t\t<img\n\t\t\t\t\ttitle=\"Vard\u00f8 kindlus. Istutatud pihlakad peavad muidu jahedale kliimale vastu. Koertel ka koht, kus jalga t\u00f5sta\"\n\t\t\t\t\talt=\"Vard\u00f8 kindlus. Istutatud pihlakad peavad muidu jahedale kliimale vastu. Koertel ka koht, kus jalga t\u00f5sta\"\n\t\t\t\t\tsrc=\"https:\/\/www.juhe.ee\/foto\/wp-content\/gallery\/northern-region\/thumbs\/thumbs_072.jpg?t=1489503063\"\n\t\t\t\t\twidth=\"280\"\n\t\t\t\t\theight=\"187\"\n\t\t\t\t\tstyle=\"max-width:100%;\"\n\t\t\t\t\/>\n\t\t\t<\/a>\n\t\t<\/div>\n\t\t\t\t\t\t\t<\/div>\n\t\t\t\n\t\t\t\t<div id=\"ngg-image-72\" class=\"ngg-gallery-thumbnail-box\n\t\t\t\t\t\t\t\t\t\t\t\"\n\t\t\t style=\"display: none;\">\n\t\t\t\t\t\t<div class=\"ngg-gallery-thumbnail\">\n\t\t<a href=\"https:\/\/www.juhe.ee\/foto\/wp-content\/gallery\/northern-region\/073.jpg?t=1489503065\"\n\t\t\ttitle=\"\"\n\t\t\tdata-src=\"https:\/\/www.juhe.ee\/foto\/wp-content\/gallery\/northern-region\/073.jpg?t=1489503065\"\n\t\t\tdata-thumbnail=\"https:\/\/www.juhe.ee\/foto\/wp-content\/gallery\/northern-region\/thumbs\/thumbs_073.jpg?t=1489503065\"\n\t\t\tdata-image-id=\"663\"\n\t\t\tdata-image-name=\"073.jpg\"\n\t\t\tdata-title=\"Aiap\u00e4kapikud Vard\u00f8 moodi\"\n\t\t\tdata-description=\"\"\n\t\t\tdata-image-slug=\"073-3\"\n\t\t\t\t\t\t\t\t\t\t\t\t\t\t\t\t\t\t\t\tclass='thickbox' rel='f3e10ed37b8ebc179857f7ad36075406'>\n\t\t\t\t\t\t\t\t<img\n\t\t\t\t\ttitle=\"Aiap\u00e4kapikud Vard\u00f8 moodi\"\n\t\t\t\t\talt=\"Aiap\u00e4kapikud Vard\u00f8 moodi\"\n\t\t\t\t\tsrc=\"https:\/\/www.juhe.ee\/foto\/wp-content\/gallery\/northern-region\/thumbs\/thumbs_073.jpg?t=1489503065\"\n\t\t\t\t\twidth=\"280\"\n\t\t\t\t\theight=\"187\"\n\t\t\t\t\tstyle=\"max-width:100%;\"\n\t\t\t\t\/>\n\t\t\t<\/a>\n\t\t<\/div>\n\t\t\t\t\t\t\t<\/div>\n\t\t\t\n\t\t\t\t<div id=\"ngg-image-73\" class=\"ngg-gallery-thumbnail-box\n\t\t\t\t\t\t\t\t\t\t\t\"\n\t\t\t style=\"display: none;\">\n\t\t\t\t\t\t<div class=\"ngg-gallery-thumbnail\">\n\t\t<a href=\"https:\/\/www.juhe.ee\/foto\/wp-content\/gallery\/northern-region\/074.jpg?t=1489503067\"\n\t\t\ttitle=\"\"\n\t\t\tdata-src=\"https:\/\/www.juhe.ee\/foto\/wp-content\/gallery\/northern-region\/074.jpg?t=1489503067\"\n\t\t\tdata-thumbnail=\"https:\/\/www.juhe.ee\/foto\/wp-content\/gallery\/northern-region\/thumbs\/thumbs_074.jpg?t=1489503067\"\n\t\t\tdata-image-id=\"664\"\n\t\t\tdata-image-name=\"074.jpg\"\n\t\t\tdata-title=\"Vard\u00f8. Kohalik Garfield\"\n\t\t\tdata-description=\"\"\n\t\t\tdata-image-slug=\"074-3\"\n\t\t\t\t\t\t\t\t\t\t\t\t\t\t\t\t\t\t\t\tclass='thickbox' rel='f3e10ed37b8ebc179857f7ad36075406'>\n\t\t\t\t\t\t\t\t<img\n\t\t\t\t\ttitle=\"Vard\u00f8. Kohalik Garfield\"\n\t\t\t\t\talt=\"Vard\u00f8. Kohalik Garfield\"\n\t\t\t\t\tsrc=\"https:\/\/www.juhe.ee\/foto\/wp-content\/gallery\/northern-region\/thumbs\/thumbs_074.jpg?t=1489503067\"\n\t\t\t\t\twidth=\"280\"\n\t\t\t\t\theight=\"187\"\n\t\t\t\t\tstyle=\"max-width:100%;\"\n\t\t\t\t\/>\n\t\t\t<\/a>\n\t\t<\/div>\n\t\t\t\t\t\t\t<\/div>\n\t\t\t\n\t\t\t\t<div id=\"ngg-image-74\" class=\"ngg-gallery-thumbnail-box\n\t\t\t\t\t\t\t\t\t\t\t\"\n\t\t\t style=\"display: none;\">\n\t\t\t\t\t\t<div class=\"ngg-gallery-thumbnail\">\n\t\t<a href=\"https:\/\/www.juhe.ee\/foto\/wp-content\/gallery\/northern-region\/075.jpg?t=1489503069\"\n\t\t\ttitle=\"\"\n\t\t\tdata-src=\"https:\/\/www.juhe.ee\/foto\/wp-content\/gallery\/northern-region\/075.jpg?t=1489503069\"\n\t\t\tdata-thumbnail=\"https:\/\/www.juhe.ee\/foto\/wp-content\/gallery\/northern-region\/thumbs\/thumbs_075.jpg?t=1489503069\"\n\t\t\tdata-image-id=\"665\"\n\t\t\tdata-image-name=\"075.jpg\"\n\t\t\tdata-title=\"Vard\u00f8 surnuaed. Taamal Steilneset Memorial\"\n\t\t\tdata-description=\"\"\n\t\t\tdata-image-slug=\"075-3\"\n\t\t\t\t\t\t\t\t\t\t\t\t\t\t\t\t\t\t\t\tclass='thickbox' rel='f3e10ed37b8ebc179857f7ad36075406'>\n\t\t\t\t\t\t\t\t<img\n\t\t\t\t\ttitle=\"Vard\u00f8 surnuaed. Taamal Steilneset Memorial\"\n\t\t\t\t\talt=\"Vard\u00f8 surnuaed. Taamal Steilneset Memorial\"\n\t\t\t\t\tsrc=\"https:\/\/www.juhe.ee\/foto\/wp-content\/gallery\/northern-region\/thumbs\/thumbs_075.jpg?t=1489503069\"\n\t\t\t\t\twidth=\"280\"\n\t\t\t\t\theight=\"187\"\n\t\t\t\t\tstyle=\"max-width:100%;\"\n\t\t\t\t\/>\n\t\t\t<\/a>\n\t\t<\/div>\n\t\t\t\t\t\t\t<\/div>\n\t\t\t\n\t\t\t\t<div id=\"ngg-image-75\" class=\"ngg-gallery-thumbnail-box\n\t\t\t\t\t\t\t\t\t\t\t\"\n\t\t\t style=\"display: none;\">\n\t\t\t\t\t\t<div class=\"ngg-gallery-thumbnail\">\n\t\t<a href=\"https:\/\/www.juhe.ee\/foto\/wp-content\/gallery\/northern-region\/076.jpg?t=1489503070\"\n\t\t\ttitle=\"\"\n\t\t\tdata-src=\"https:\/\/www.juhe.ee\/foto\/wp-content\/gallery\/northern-region\/076.jpg?t=1489503070\"\n\t\t\tdata-thumbnail=\"https:\/\/www.juhe.ee\/foto\/wp-content\/gallery\/northern-region\/thumbs\/thumbs_076.jpg?t=1489503070\"\n\t\t\tdata-image-id=\"666\"\n\t\t\tdata-image-name=\"076.jpg\"\n\t\t\tdata-title=\"Steilneset Memorial. Sisevaade. Tegemist on m\u00e4lestusm\u00e4rgiga Vard\u00f8s hukatud \u201en\u00f5idadele\u201c. 17. sajandi alguses l\u00e4ks P\u00f5hja-Norras lahti jaht inimestele, keda s\u00fc\u00fcdistati n\u00f5iakunstis ning n\u00f5iaprotsesside tulemusena hukati terve sajandi jooksul ligikaudu 150 inimest. http:\/\/en.wikipedia.org\/wiki\/Vard%C3%B8_witch_trials_(1621)\"\n\t\t\tdata-description=\"\"\n\t\t\tdata-image-slug=\"076-3\"\n\t\t\t\t\t\t\t\t\t\t\t\t\t\t\t\t\t\t\t\tclass='thickbox' rel='f3e10ed37b8ebc179857f7ad36075406'>\n\t\t\t\t\t\t\t\t<img\n\t\t\t\t\ttitle=\"Steilneset Memorial. Sisevaade. Tegemist on m\u00e4lestusm\u00e4rgiga Vard\u00f8s hukatud \u201en\u00f5idadele\u201c. 17. sajandi alguses l\u00e4ks P\u00f5hja-Norras lahti jaht inimestele, keda s\u00fc\u00fcdistati n\u00f5iakunstis ning n\u00f5iaprotsesside tulemusena hukati terve sajandi jooksul ligikaudu 150 inimest. http:\/\/en.wikipedia.org\/wiki\/Vard%C3%B8_witch_trials_(1621)\"\n\t\t\t\t\talt=\"Steilneset Memorial. Sisevaade. Tegemist on m\u00e4lestusm\u00e4rgiga Vard\u00f8s hukatud \u201en\u00f5idadele\u201c. 17. sajandi alguses l\u00e4ks P\u00f5hja-Norras lahti jaht inimestele, keda s\u00fc\u00fcdistati n\u00f5iakunstis ning n\u00f5iaprotsesside tulemusena hukati terve sajandi jooksul ligikaudu 150 inimest. http:\/\/en.wikipedia.org\/wiki\/Vard%C3%B8_witch_trials_(1621)\"\n\t\t\t\t\tsrc=\"https:\/\/www.juhe.ee\/foto\/wp-content\/gallery\/northern-region\/thumbs\/thumbs_076.jpg?t=1489503070\"\n\t\t\t\t\twidth=\"280\"\n\t\t\t\t\theight=\"187\"\n\t\t\t\t\tstyle=\"max-width:100%;\"\n\t\t\t\t\/>\n\t\t\t<\/a>\n\t\t<\/div>\n\t\t\t\t\t\t\t<\/div>\n\t\t\t\n\t\t\t\t<div id=\"ngg-image-76\" class=\"ngg-gallery-thumbnail-box\n\t\t\t\t\t\t\t\t\t\t\t\"\n\t\t\t style=\"display: none;\">\n\t\t\t\t\t\t<div class=\"ngg-gallery-thumbnail\">\n\t\t<a href=\"https:\/\/www.juhe.ee\/foto\/wp-content\/gallery\/northern-region\/077.jpg?t=1489503072\"\n\t\t\ttitle=\"\"\n\t\t\tdata-src=\"https:\/\/www.juhe.ee\/foto\/wp-content\/gallery\/northern-region\/077.jpg?t=1489503072\"\n\t\t\tdata-thumbnail=\"https:\/\/www.juhe.ee\/foto\/wp-content\/gallery\/northern-region\/thumbs\/thumbs_077.jpg?t=1489503072\"\n\t\t\tdata-image-id=\"667\"\n\t\t\tdata-image-name=\"077.jpg\"\n\t\t\tdata-title=\"Steilneset Memorial. II osa. Igavene tuli, peeglid, klaasid ja merevaade\"\n\t\t\tdata-description=\"\"\n\t\t\tdata-image-slug=\"077-3\"\n\t\t\t\t\t\t\t\t\t\t\t\t\t\t\t\t\t\t\t\tclass='thickbox' rel='f3e10ed37b8ebc179857f7ad36075406'>\n\t\t\t\t\t\t\t\t<img\n\t\t\t\t\ttitle=\"Steilneset Memorial. II osa. Igavene tuli, peeglid, klaasid ja merevaade\"\n\t\t\t\t\talt=\"Steilneset Memorial. II osa. Igavene tuli, peeglid, klaasid ja merevaade\"\n\t\t\t\t\tsrc=\"https:\/\/www.juhe.ee\/foto\/wp-content\/gallery\/northern-region\/thumbs\/thumbs_077.jpg?t=1489503072\"\n\t\t\t\t\twidth=\"280\"\n\t\t\t\t\theight=\"187\"\n\t\t\t\t\tstyle=\"max-width:100%;\"\n\t\t\t\t\/>\n\t\t\t<\/a>\n\t\t<\/div>\n\t\t\t\t\t\t\t<\/div>\n\t\t\t\n\t\t\t\t<div id=\"ngg-image-77\" class=\"ngg-gallery-thumbnail-box\n\t\t\t\t\t\t\t\t\t\t\t\"\n\t\t\t style=\"display: none;\">\n\t\t\t\t\t\t<div class=\"ngg-gallery-thumbnail\">\n\t\t<a href=\"https:\/\/www.juhe.ee\/foto\/wp-content\/gallery\/northern-region\/078.jpg?t=1489503074\"\n\t\t\ttitle=\"\"\n\t\t\tdata-src=\"https:\/\/www.juhe.ee\/foto\/wp-content\/gallery\/northern-region\/078.jpg?t=1489503074\"\n\t\t\tdata-thumbnail=\"https:\/\/www.juhe.ee\/foto\/wp-content\/gallery\/northern-region\/thumbs\/thumbs_078.jpg?t=1489503074\"\n\t\t\tdata-image-id=\"668\"\n\t\t\tdata-image-name=\"078.jpg\"\n\t\t\tdata-title=\"Kohalikule merele nime andnud meres\u00f5itja ja polaaruurija Willem Barentszi b\u00fcst. http:\/\/en.wikipedia.org\/wiki\/Willem_Barentsz\"\n\t\t\tdata-description=\"\"\n\t\t\tdata-image-slug=\"078-2\"\n\t\t\t\t\t\t\t\t\t\t\t\t\t\t\t\t\t\t\t\tclass='thickbox' rel='f3e10ed37b8ebc179857f7ad36075406'>\n\t\t\t\t\t\t\t\t<img\n\t\t\t\t\ttitle=\"Kohalikule merele nime andnud meres\u00f5itja ja polaaruurija Willem Barentszi b\u00fcst. http:\/\/en.wikipedia.org\/wiki\/Willem_Barentsz\"\n\t\t\t\t\talt=\"Kohalikule merele nime andnud meres\u00f5itja ja polaaruurija Willem Barentszi b\u00fcst. http:\/\/en.wikipedia.org\/wiki\/Willem_Barentsz\"\n\t\t\t\t\tsrc=\"https:\/\/www.juhe.ee\/foto\/wp-content\/gallery\/northern-region\/thumbs\/thumbs_078.jpg?t=1489503074\"\n\t\t\t\t\twidth=\"280\"\n\t\t\t\t\theight=\"187\"\n\t\t\t\t\tstyle=\"max-width:100%;\"\n\t\t\t\t\/>\n\t\t\t<\/a>\n\t\t<\/div>\n\t\t\t\t\t\t\t<\/div>\n\t\t\t\n\t\t\t\t<div id=\"ngg-image-78\" class=\"ngg-gallery-thumbnail-box\n\t\t\t\t\t\t\t\t\t\t\t\"\n\t\t\t style=\"display: none;\">\n\t\t\t\t\t\t<div class=\"ngg-gallery-thumbnail\">\n\t\t<a href=\"https:\/\/www.juhe.ee\/foto\/wp-content\/gallery\/northern-region\/079.jpg?t=1489503076\"\n\t\t\ttitle=\"\"\n\t\t\tdata-src=\"https:\/\/www.juhe.ee\/foto\/wp-content\/gallery\/northern-region\/079.jpg?t=1489503076\"\n\t\t\tdata-thumbnail=\"https:\/\/www.juhe.ee\/foto\/wp-content\/gallery\/northern-region\/thumbs\/thumbs_079.jpg?t=1489503076\"\n\t\t\tdata-image-id=\"669\"\n\t\t\tdata-image-name=\"079.jpg\"\n\t\t\tdata-title=\"Pilt Maritile. :)\"\n\t\t\tdata-description=\"\"\n\t\t\tdata-image-slug=\"079-2\"\n\t\t\t\t\t\t\t\t\t\t\t\t\t\t\t\t\t\t\t\tclass='thickbox' rel='f3e10ed37b8ebc179857f7ad36075406'>\n\t\t\t\t\t\t\t\t<img\n\t\t\t\t\ttitle=\"Pilt Maritile. :)\"\n\t\t\t\t\talt=\"Pilt Maritile. :)\"\n\t\t\t\t\tsrc=\"https:\/\/www.juhe.ee\/foto\/wp-content\/gallery\/northern-region\/thumbs\/thumbs_079.jpg?t=1489503076\"\n\t\t\t\t\twidth=\"280\"\n\t\t\t\t\theight=\"187\"\n\t\t\t\t\tstyle=\"max-width:100%;\"\n\t\t\t\t\/>\n\t\t\t<\/a>\n\t\t<\/div>\n\t\t\t\t\t\t\t<\/div>\n\t\t\t\n\t\t\t\t<div id=\"ngg-image-79\" class=\"ngg-gallery-thumbnail-box\n\t\t\t\t\t\t\t\t\t\t\t\"\n\t\t\t style=\"display: none;\">\n\t\t\t\t\t\t<div class=\"ngg-gallery-thumbnail\">\n\t\t<a href=\"https:\/\/www.juhe.ee\/foto\/wp-content\/gallery\/northern-region\/080.jpg?t=1489503078\"\n\t\t\ttitle=\"\"\n\t\t\tdata-src=\"https:\/\/www.juhe.ee\/foto\/wp-content\/gallery\/northern-region\/080.jpg?t=1489503078\"\n\t\t\tdata-thumbnail=\"https:\/\/www.juhe.ee\/foto\/wp-content\/gallery\/northern-region\/thumbs\/thumbs_080.jpg?t=1489503078\"\n\t\t\tdata-image-id=\"670\"\n\t\t\tdata-image-name=\"080.jpg\"\n\t\t\tdata-title=\"Nordpol Kro. Kohaliku k\u00f5rtsi sisevaade.\"\n\t\t\tdata-description=\"\"\n\t\t\tdata-image-slug=\"080-2\"\n\t\t\t\t\t\t\t\t\t\t\t\t\t\t\t\t\t\t\t\tclass='thickbox' rel='f3e10ed37b8ebc179857f7ad36075406'>\n\t\t\t\t\t\t\t\t<img\n\t\t\t\t\ttitle=\"Nordpol Kro. Kohaliku k\u00f5rtsi sisevaade.\"\n\t\t\t\t\talt=\"Nordpol Kro. Kohaliku k\u00f5rtsi sisevaade.\"\n\t\t\t\t\tsrc=\"https:\/\/www.juhe.ee\/foto\/wp-content\/gallery\/northern-region\/thumbs\/thumbs_080.jpg?t=1489503078\"\n\t\t\t\t\twidth=\"280\"\n\t\t\t\t\theight=\"187\"\n\t\t\t\t\tstyle=\"max-width:100%;\"\n\t\t\t\t\/>\n\t\t\t<\/a>\n\t\t<\/div>\n\t\t\t\t\t\t\t<\/div>\n\t\t\t\n\t\t\t\t<div id=\"ngg-image-80\" class=\"ngg-gallery-thumbnail-box\n\t\t\t\t\t\t\t\t\t\t\t\"\n\t\t\t style=\"display: none;\">\n\t\t\t\t\t\t<div class=\"ngg-gallery-thumbnail\">\n\t\t<a href=\"https:\/\/www.juhe.ee\/foto\/wp-content\/gallery\/northern-region\/081.jpg?t=1489503080\"\n\t\t\ttitle=\"\"\n\t\t\tdata-src=\"https:\/\/www.juhe.ee\/foto\/wp-content\/gallery\/northern-region\/081.jpg?t=1489503080\"\n\t\t\tdata-thumbnail=\"https:\/\/www.juhe.ee\/foto\/wp-content\/gallery\/northern-region\/thumbs\/thumbs_081.jpg?t=1489503080\"\n\t\t\tdata-image-id=\"671\"\n\t\t\tdata-image-name=\"081.jpg\"\n\t\t\tdata-title=\"Pomooride muuseum Vard\u00f8s. T\u00e4helepanelikumale vaatajale ka veidi lindude pesakunsti. http:\/\/en.wikipedia.org\/wiki\/Pomors\"\n\t\t\tdata-description=\"\"\n\t\t\tdata-image-slug=\"081-2\"\n\t\t\t\t\t\t\t\t\t\t\t\t\t\t\t\t\t\t\t\tclass='thickbox' rel='f3e10ed37b8ebc179857f7ad36075406'>\n\t\t\t\t\t\t\t\t<img\n\t\t\t\t\ttitle=\"Pomooride muuseum Vard\u00f8s. T\u00e4helepanelikumale vaatajale ka veidi lindude pesakunsti. http:\/\/en.wikipedia.org\/wiki\/Pomors\"\n\t\t\t\t\talt=\"Pomooride muuseum Vard\u00f8s. T\u00e4helepanelikumale vaatajale ka veidi lindude pesakunsti. http:\/\/en.wikipedia.org\/wiki\/Pomors\"\n\t\t\t\t\tsrc=\"https:\/\/www.juhe.ee\/foto\/wp-content\/gallery\/northern-region\/thumbs\/thumbs_081.jpg?t=1489503080\"\n\t\t\t\t\twidth=\"280\"\n\t\t\t\t\theight=\"187\"\n\t\t\t\t\tstyle=\"max-width:100%;\"\n\t\t\t\t\/>\n\t\t\t<\/a>\n\t\t<\/div>\n\t\t\t\t\t\t\t<\/div>\n\t\t\t\n\t\t\t\t<div id=\"ngg-image-81\" class=\"ngg-gallery-thumbnail-box\n\t\t\t\t\t\t\t\t\t\t\t\"\n\t\t\t style=\"display: none;\">\n\t\t\t\t\t\t<div class=\"ngg-gallery-thumbnail\">\n\t\t<a href=\"https:\/\/www.juhe.ee\/foto\/wp-content\/gallery\/northern-region\/082.jpg?t=1489503081\"\n\t\t\ttitle=\"\"\n\t\t\tdata-src=\"https:\/\/www.juhe.ee\/foto\/wp-content\/gallery\/northern-region\/082.jpg?t=1489503081\"\n\t\t\tdata-thumbnail=\"https:\/\/www.juhe.ee\/foto\/wp-content\/gallery\/northern-region\/thumbs\/thumbs_082.jpg?t=1489503081\"\n\t\t\tdata-image-id=\"672\"\n\t\t\tdata-image-name=\"082.jpg\"\n\t\t\tdata-title=\"Pomooride muuseum Vard\u00f8s. Kaubavahetus pomooride ja kohalike vahel\"\n\t\t\tdata-description=\"\"\n\t\t\tdata-image-slug=\"082-2\"\n\t\t\t\t\t\t\t\t\t\t\t\t\t\t\t\t\t\t\t\tclass='thickbox' rel='f3e10ed37b8ebc179857f7ad36075406'>\n\t\t\t\t\t\t\t\t<img\n\t\t\t\t\ttitle=\"Pomooride muuseum Vard\u00f8s. Kaubavahetus pomooride ja kohalike vahel\"\n\t\t\t\t\talt=\"Pomooride muuseum Vard\u00f8s. Kaubavahetus pomooride ja kohalike vahel\"\n\t\t\t\t\tsrc=\"https:\/\/www.juhe.ee\/foto\/wp-content\/gallery\/northern-region\/thumbs\/thumbs_082.jpg?t=1489503081\"\n\t\t\t\t\twidth=\"280\"\n\t\t\t\t\theight=\"187\"\n\t\t\t\t\tstyle=\"max-width:100%;\"\n\t\t\t\t\/>\n\t\t\t<\/a>\n\t\t<\/div>\n\t\t\t\t\t\t\t<\/div>\n\t\t\t\n\t\t\t\t<div id=\"ngg-image-82\" class=\"ngg-gallery-thumbnail-box\n\t\t\t\t\t\t\t\t\t\t\t\"\n\t\t\t style=\"display: none;\">\n\t\t\t\t\t\t<div class=\"ngg-gallery-thumbnail\">\n\t\t<a href=\"https:\/\/www.juhe.ee\/foto\/wp-content\/gallery\/northern-region\/083.jpg?t=1489503083\"\n\t\t\ttitle=\"\"\n\t\t\tdata-src=\"https:\/\/www.juhe.ee\/foto\/wp-content\/gallery\/northern-region\/083.jpg?t=1489503083\"\n\t\t\tdata-thumbnail=\"https:\/\/www.juhe.ee\/foto\/wp-content\/gallery\/northern-region\/thumbs\/thumbs_083.jpg?t=1489503083\"\n\t\t\tdata-image-id=\"673\"\n\t\t\tdata-image-name=\"083.jpg\"\n\t\t\tdata-title=\"Kiberg. P\u00f5hjap\u00f5drad aias, lihtsalt niisama.\"\n\t\t\tdata-description=\"\"\n\t\t\tdata-image-slug=\"083-2\"\n\t\t\t\t\t\t\t\t\t\t\t\t\t\t\t\t\t\t\t\tclass='thickbox' rel='f3e10ed37b8ebc179857f7ad36075406'>\n\t\t\t\t\t\t\t\t<img\n\t\t\t\t\ttitle=\"Kiberg. P\u00f5hjap\u00f5drad aias, lihtsalt niisama.\"\n\t\t\t\t\talt=\"Kiberg. P\u00f5hjap\u00f5drad aias, lihtsalt niisama.\"\n\t\t\t\t\tsrc=\"https:\/\/www.juhe.ee\/foto\/wp-content\/gallery\/northern-region\/thumbs\/thumbs_083.jpg?t=1489503083\"\n\t\t\t\t\twidth=\"280\"\n\t\t\t\t\theight=\"187\"\n\t\t\t\t\tstyle=\"max-width:100%;\"\n\t\t\t\t\/>\n\t\t\t<\/a>\n\t\t<\/div>\n\t\t\t\t\t\t\t<\/div>\n\t\t\t\n\t\t\t\t<div id=\"ngg-image-83\" class=\"ngg-gallery-thumbnail-box\n\t\t\t\t\t\t\t\t\t\t\t\"\n\t\t\t style=\"display: none;\">\n\t\t\t\t\t\t<div class=\"ngg-gallery-thumbnail\">\n\t\t<a href=\"https:\/\/www.juhe.ee\/foto\/wp-content\/gallery\/northern-region\/084.jpg?t=1489503085\"\n\t\t\ttitle=\"\"\n\t\t\tdata-src=\"https:\/\/www.juhe.ee\/foto\/wp-content\/gallery\/northern-region\/084.jpg?t=1489503085\"\n\t\t\tdata-thumbnail=\"https:\/\/www.juhe.ee\/foto\/wp-content\/gallery\/northern-region\/thumbs\/thumbs_084.jpg?t=1489503085\"\n\t\t\tdata-image-id=\"674\"\n\t\t\tdata-image-name=\"084.jpg\"\n\t\t\tdata-title=\"Kiberg. Moodne ja vananenud tehnoloogia. Moodne t\u00f6\u00f6tab, vananenud seisab j\u00f5ude. Alo pildistas\"\n\t\t\tdata-description=\"\"\n\t\t\tdata-image-slug=\"084-2\"\n\t\t\t\t\t\t\t\t\t\t\t\t\t\t\t\t\t\t\t\tclass='thickbox' rel='f3e10ed37b8ebc179857f7ad36075406'>\n\t\t\t\t\t\t\t\t<img\n\t\t\t\t\ttitle=\"Kiberg. Moodne ja vananenud tehnoloogia. Moodne t\u00f6\u00f6tab, vananenud seisab j\u00f5ude. Alo pildistas\"\n\t\t\t\t\talt=\"Kiberg. Moodne ja vananenud tehnoloogia. Moodne t\u00f6\u00f6tab, vananenud seisab j\u00f5ude. Alo pildistas\"\n\t\t\t\t\tsrc=\"https:\/\/www.juhe.ee\/foto\/wp-content\/gallery\/northern-region\/thumbs\/thumbs_084.jpg?t=1489503085\"\n\t\t\t\t\twidth=\"280\"\n\t\t\t\t\theight=\"187\"\n\t\t\t\t\tstyle=\"max-width:100%;\"\n\t\t\t\t\/>\n\t\t\t<\/a>\n\t\t<\/div>\n\t\t\t\t\t\t\t<\/div>\n\t\t\t\n\t\t\t\t<div id=\"ngg-image-84\" class=\"ngg-gallery-thumbnail-box\n\t\t\t\t\t\t\t\t\t\t\t\"\n\t\t\t style=\"display: none;\">\n\t\t\t\t\t\t<div class=\"ngg-gallery-thumbnail\">\n\t\t<a href=\"https:\/\/www.juhe.ee\/foto\/wp-content\/gallery\/northern-region\/085.jpg?t=1489503087\"\n\t\t\ttitle=\"\"\n\t\t\tdata-src=\"https:\/\/www.juhe.ee\/foto\/wp-content\/gallery\/northern-region\/085.jpg?t=1489503087\"\n\t\t\tdata-thumbnail=\"https:\/\/www.juhe.ee\/foto\/wp-content\/gallery\/northern-region\/thumbs\/thumbs_085.jpg?t=1489503087\"\n\t\t\tdata-image-id=\"675\"\n\t\t\tdata-image-name=\"085.jpg\"\n\t\t\tdata-title=\"Komagv\u00e6r. Lambad teel. Ka \u00fcsna levinud loomad...\"\n\t\t\tdata-description=\"\"\n\t\t\tdata-image-slug=\"085-2\"\n\t\t\t\t\t\t\t\t\t\t\t\t\t\t\t\t\t\t\t\tclass='thickbox' rel='f3e10ed37b8ebc179857f7ad36075406'>\n\t\t\t\t\t\t\t\t<img\n\t\t\t\t\ttitle=\"Komagv\u00e6r. Lambad teel. Ka \u00fcsna levinud loomad...\"\n\t\t\t\t\talt=\"Komagv\u00e6r. Lambad teel. Ka \u00fcsna levinud loomad...\"\n\t\t\t\t\tsrc=\"https:\/\/www.juhe.ee\/foto\/wp-content\/gallery\/northern-region\/thumbs\/thumbs_085.jpg?t=1489503087\"\n\t\t\t\t\twidth=\"280\"\n\t\t\t\t\theight=\"187\"\n\t\t\t\t\tstyle=\"max-width:100%;\"\n\t\t\t\t\/>\n\t\t\t<\/a>\n\t\t<\/div>\n\t\t\t\t\t\t\t<\/div>\n\t\t\t\n\t\t\t\t<div id=\"ngg-image-85\" class=\"ngg-gallery-thumbnail-box\n\t\t\t\t\t\t\t\t\t\t\t\"\n\t\t\t style=\"display: none;\">\n\t\t\t\t\t\t<div class=\"ngg-gallery-thumbnail\">\n\t\t<a href=\"https:\/\/www.juhe.ee\/foto\/wp-content\/gallery\/northern-region\/086.jpg?t=1489503089\"\n\t\t\ttitle=\"\"\n\t\t\tdata-src=\"https:\/\/www.juhe.ee\/foto\/wp-content\/gallery\/northern-region\/086.jpg?t=1489503089\"\n\t\t\tdata-thumbnail=\"https:\/\/www.juhe.ee\/foto\/wp-content\/gallery\/northern-region\/thumbs\/thumbs_086.jpg?t=1489503089\"\n\t\t\tdata-image-id=\"676\"\n\t\t\tdata-image-name=\"086.jpg\"\n\t\t\tdata-title=\"Komagv\u00e6r. Vaade paadiga\"\n\t\t\tdata-description=\"\"\n\t\t\tdata-image-slug=\"086-2\"\n\t\t\t\t\t\t\t\t\t\t\t\t\t\t\t\t\t\t\t\tclass='thickbox' rel='f3e10ed37b8ebc179857f7ad36075406'>\n\t\t\t\t\t\t\t\t<img\n\t\t\t\t\ttitle=\"Komagv\u00e6r. Vaade paadiga\"\n\t\t\t\t\talt=\"Komagv\u00e6r. Vaade paadiga\"\n\t\t\t\t\tsrc=\"https:\/\/www.juhe.ee\/foto\/wp-content\/gallery\/northern-region\/thumbs\/thumbs_086.jpg?t=1489503089\"\n\t\t\t\t\twidth=\"280\"\n\t\t\t\t\theight=\"187\"\n\t\t\t\t\tstyle=\"max-width:100%;\"\n\t\t\t\t\/>\n\t\t\t<\/a>\n\t\t<\/div>\n\t\t\t\t\t\t\t<\/div>\n\t\t\t\n\t\t\t\t<div id=\"ngg-image-86\" class=\"ngg-gallery-thumbnail-box\n\t\t\t\t\t\t\t\t\t\t\t\"\n\t\t\t style=\"display: none;\">\n\t\t\t\t\t\t<div class=\"ngg-gallery-thumbnail\">\n\t\t<a href=\"https:\/\/www.juhe.ee\/foto\/wp-content\/gallery\/northern-region\/087.jpg?t=1489503091\"\n\t\t\ttitle=\"\"\n\t\t\tdata-src=\"https:\/\/www.juhe.ee\/foto\/wp-content\/gallery\/northern-region\/087.jpg?t=1489503091\"\n\t\t\tdata-thumbnail=\"https:\/\/www.juhe.ee\/foto\/wp-content\/gallery\/northern-region\/thumbs\/thumbs_087.jpg?t=1489503091\"\n\t\t\tdata-image-id=\"677\"\n\t\t\tdata-image-name=\"087.jpg\"\n\t\t\tdata-title=\"Vads\u00f8. Vaade linnale mere poolt. Keskel Vads\u00f8 kirik \u2013 1958. aastal arhitekt Magnus Poulssoni projekti j\u00e4rgi ehitatud hoone kaksiktornid kujutavad j\u00e4\u00e4m\u00e4ge.\"\n\t\t\tdata-description=\"\"\n\t\t\tdata-image-slug=\"087-2\"\n\t\t\t\t\t\t\t\t\t\t\t\t\t\t\t\t\t\t\t\tclass='thickbox' rel='f3e10ed37b8ebc179857f7ad36075406'>\n\t\t\t\t\t\t\t\t<img\n\t\t\t\t\ttitle=\"Vads\u00f8. Vaade linnale mere poolt. Keskel Vads\u00f8 kirik \u2013 1958. aastal arhitekt Magnus Poulssoni projekti j\u00e4rgi ehitatud hoone kaksiktornid kujutavad j\u00e4\u00e4m\u00e4ge.\"\n\t\t\t\t\talt=\"Vads\u00f8. Vaade linnale mere poolt. Keskel Vads\u00f8 kirik \u2013 1958. aastal arhitekt Magnus Poulssoni projekti j\u00e4rgi ehitatud hoone kaksiktornid kujutavad j\u00e4\u00e4m\u00e4ge.\"\n\t\t\t\t\tsrc=\"https:\/\/www.juhe.ee\/foto\/wp-content\/gallery\/northern-region\/thumbs\/thumbs_087.jpg?t=1489503091\"\n\t\t\t\t\twidth=\"280\"\n\t\t\t\t\theight=\"187\"\n\t\t\t\t\tstyle=\"max-width:100%;\"\n\t\t\t\t\/>\n\t\t\t<\/a>\n\t\t<\/div>\n\t\t\t\t\t\t\t<\/div>\n\t\t\t\n\t\t\t\t<div id=\"ngg-image-87\" class=\"ngg-gallery-thumbnail-box\n\t\t\t\t\t\t\t\t\t\t\t\"\n\t\t\t style=\"display: none;\">\n\t\t\t\t\t\t<div class=\"ngg-gallery-thumbnail\">\n\t\t<a href=\"https:\/\/www.juhe.ee\/foto\/wp-content\/gallery\/northern-region\/088.jpg?t=1489503093\"\n\t\t\ttitle=\"\"\n\t\t\tdata-src=\"https:\/\/www.juhe.ee\/foto\/wp-content\/gallery\/northern-region\/088.jpg?t=1489503093\"\n\t\t\tdata-thumbnail=\"https:\/\/www.juhe.ee\/foto\/wp-content\/gallery\/northern-region\/thumbs\/thumbs_088.jpg?t=1489503093\"\n\t\t\tdata-image-id=\"678\"\n\t\t\tdata-image-name=\"088.jpg\"\n\t\t\tdata-title=\"Vads\u00f8. \u00d5hulaevade mast ja mina. 1920ndate l\u00f5pus oli Vads\u00f8 maailma t\u00e4helepanu all, sest Lincoln Ellsworth, Umberto Nobile ja Roald Amundsen pidasid plaani vallutada p\u00f5hjapoolus \u00f5hulaevaga. Vads\u00f8 mast oli k\u00f5ige p\u00f5hjapoolsem sildumispunkt maismaal. Mast on 35 meetrit k\u00f5rge ja p\u00fcstitati 1926. aastal. Sama aasta 6. mail kasutati masti esimesel p\u00f5hjapooluse ekspeditsioonil \u00f5hulaevaga Norge. Roald Amundseni juhitud ekspeditsioon j\u00f5udis, muide, ka eesm\u00e4rgini. Teist korda kasutati masti 1928. aastal, mil Umberto Nobile lendas \u00f5hulaevaga Italia p\u00f5hjapooluse suunas. Paraku kukkus Nobile \u00f5hulaev Svalbardis alla, kuid meeskond p\u00e4\u00e4steti.\"\n\t\t\tdata-description=\"\"\n\t\t\tdata-image-slug=\"088-2\"\n\t\t\t\t\t\t\t\t\t\t\t\t\t\t\t\t\t\t\t\tclass='thickbox' rel='f3e10ed37b8ebc179857f7ad36075406'>\n\t\t\t\t\t\t\t\t<img\n\t\t\t\t\ttitle=\"Vads\u00f8. \u00d5hulaevade mast ja mina. 1920ndate l\u00f5pus oli Vads\u00f8 maailma t\u00e4helepanu all, sest Lincoln Ellsworth, Umberto Nobile ja Roald Amundsen pidasid plaani vallutada p\u00f5hjapoolus \u00f5hulaevaga. Vads\u00f8 mast oli k\u00f5ige p\u00f5hjapoolsem sildumispunkt maismaal. Mast on 35 meetrit k\u00f5rge ja p\u00fcstitati 1926. aastal. Sama aasta 6. mail kasutati masti esimesel p\u00f5hjapooluse ekspeditsioonil \u00f5hulaevaga Norge. Roald Amundseni juhitud ekspeditsioon j\u00f5udis, muide, ka eesm\u00e4rgini. Teist korda kasutati masti 1928. aastal, mil Umberto Nobile lendas \u00f5hulaevaga Italia p\u00f5hjapooluse suunas. Paraku kukkus Nobile \u00f5hulaev Svalbardis alla, kuid meeskond p\u00e4\u00e4steti.\"\n\t\t\t\t\talt=\"Vads\u00f8. \u00d5hulaevade mast ja mina. 1920ndate l\u00f5pus oli Vads\u00f8 maailma t\u00e4helepanu all, sest Lincoln Ellsworth, Umberto Nobile ja Roald Amundsen pidasid plaani vallutada p\u00f5hjapoolus \u00f5hulaevaga. Vads\u00f8 mast oli k\u00f5ige p\u00f5hjapoolsem sildumispunkt maismaal. Mast on 35 meetrit k\u00f5rge ja p\u00fcstitati 1926. aastal. Sama aasta 6. mail kasutati masti esimesel p\u00f5hjapooluse ekspeditsioonil \u00f5hulaevaga Norge. Roald Amundseni juhitud ekspeditsioon j\u00f5udis, muide, ka eesm\u00e4rgini. Teist korda kasutati masti 1928. aastal, mil Umberto Nobile lendas \u00f5hulaevaga Italia p\u00f5hjapooluse suunas. Paraku kukkus Nobile \u00f5hulaev Svalbardis alla, kuid meeskond p\u00e4\u00e4steti.\"\n\t\t\t\t\tsrc=\"https:\/\/www.juhe.ee\/foto\/wp-content\/gallery\/northern-region\/thumbs\/thumbs_088.jpg?t=1489503093\"\n\t\t\t\t\twidth=\"280\"\n\t\t\t\t\theight=\"187\"\n\t\t\t\t\tstyle=\"max-width:100%;\"\n\t\t\t\t\/>\n\t\t\t<\/a>\n\t\t<\/div>\n\t\t\t\t\t\t\t<\/div>\n\t\t\t\n\t\t\t\t<div id=\"ngg-image-88\" class=\"ngg-gallery-thumbnail-box\n\t\t\t\t\t\t\t\t\t\t\t\"\n\t\t\t style=\"display: none;\">\n\t\t\t\t\t\t<div class=\"ngg-gallery-thumbnail\">\n\t\t<a href=\"https:\/\/www.juhe.ee\/foto\/wp-content\/gallery\/northern-region\/089.jpg?t=1489503096\"\n\t\t\ttitle=\"\"\n\t\t\tdata-src=\"https:\/\/www.juhe.ee\/foto\/wp-content\/gallery\/northern-region\/089.jpg?t=1489503096\"\n\t\t\tdata-thumbnail=\"https:\/\/www.juhe.ee\/foto\/wp-content\/gallery\/northern-region\/thumbs\/thumbs_089.jpg?t=1489503096\"\n\t\t\tdata-image-id=\"679\"\n\t\t\tdata-image-name=\"089.jpg\"\n\t\t\tdata-title=\"Mootorsaaniga \u00fcle piiri. Norrast otse Soome\"\n\t\t\tdata-description=\"\"\n\t\t\tdata-image-slug=\"089-2\"\n\t\t\t\t\t\t\t\t\t\t\t\t\t\t\t\t\t\t\t\tclass='thickbox' rel='f3e10ed37b8ebc179857f7ad36075406'>\n\t\t\t\t\t\t\t\t<img\n\t\t\t\t\ttitle=\"Mootorsaaniga \u00fcle piiri. Norrast otse Soome\"\n\t\t\t\t\talt=\"Mootorsaaniga \u00fcle piiri. Norrast otse Soome\"\n\t\t\t\t\tsrc=\"https:\/\/www.juhe.ee\/foto\/wp-content\/gallery\/northern-region\/thumbs\/thumbs_089.jpg?t=1489503096\"\n\t\t\t\t\twidth=\"280\"\n\t\t\t\t\theight=\"187\"\n\t\t\t\t\tstyle=\"max-width:100%;\"\n\t\t\t\t\/>\n\t\t\t<\/a>\n\t\t<\/div>\n\t\t\t\t\t\t\t<\/div>\n\t\t\t\n\t\t\t\t<div id=\"ngg-image-89\" class=\"ngg-gallery-thumbnail-box\n\t\t\t\t\t\t\t\t\t\t\t\"\n\t\t\t style=\"display: none;\">\n\t\t\t\t\t\t<div class=\"ngg-gallery-thumbnail\">\n\t\t<a href=\"https:\/\/www.juhe.ee\/foto\/wp-content\/gallery\/northern-region\/090.jpg?t=1489503097\"\n\t\t\ttitle=\"\"\n\t\t\tdata-src=\"https:\/\/www.juhe.ee\/foto\/wp-content\/gallery\/northern-region\/090.jpg?t=1489503097\"\n\t\t\tdata-thumbnail=\"https:\/\/www.juhe.ee\/foto\/wp-content\/gallery\/northern-region\/thumbs\/thumbs_090.jpg?t=1489503097\"\n\t\t\tdata-image-id=\"680\"\n\t\t\tdata-image-name=\"090.jpg\"\n\t\t\tdata-title=\"Utsjoki. Ettevalmistused maratoniks\"\n\t\t\tdata-description=\"\"\n\t\t\tdata-image-slug=\"090-2\"\n\t\t\t\t\t\t\t\t\t\t\t\t\t\t\t\t\t\t\t\tclass='thickbox' rel='f3e10ed37b8ebc179857f7ad36075406'>\n\t\t\t\t\t\t\t\t<img\n\t\t\t\t\ttitle=\"Utsjoki. Ettevalmistused maratoniks\"\n\t\t\t\t\talt=\"Utsjoki. Ettevalmistused maratoniks\"\n\t\t\t\t\tsrc=\"https:\/\/www.juhe.ee\/foto\/wp-content\/gallery\/northern-region\/thumbs\/thumbs_090.jpg?t=1489503097\"\n\t\t\t\t\twidth=\"280\"\n\t\t\t\t\theight=\"187\"\n\t\t\t\t\tstyle=\"max-width:100%;\"\n\t\t\t\t\/>\n\t\t\t<\/a>\n\t\t<\/div>\n\t\t\t\t\t\t\t<\/div>\n\t\t\t\n\t\t\t\t<div id=\"ngg-image-90\" class=\"ngg-gallery-thumbnail-box\n\t\t\t\t\t\t\t\t\t\t\t\"\n\t\t\t style=\"display: none;\">\n\t\t\t\t\t\t<div class=\"ngg-gallery-thumbnail\">\n\t\t<a href=\"https:\/\/www.juhe.ee\/foto\/wp-content\/gallery\/northern-region\/091.jpg?t=1489503099\"\n\t\t\ttitle=\"\"\n\t\t\tdata-src=\"https:\/\/www.juhe.ee\/foto\/wp-content\/gallery\/northern-region\/091.jpg?t=1489503099\"\n\t\t\tdata-thumbnail=\"https:\/\/www.juhe.ee\/foto\/wp-content\/gallery\/northern-region\/thumbs\/thumbs_091.jpg?t=1489503099\"\n\t\t\tdata-image-id=\"681\"\n\t\t\tdata-image-name=\"091.jpg\"\n\t\t\tdata-title=\"Teno maratoni start Nuorgami l\u00e4histel. Stardirivi\"\n\t\t\tdata-description=\"\"\n\t\t\tdata-image-slug=\"091-2\"\n\t\t\t\t\t\t\t\t\t\t\t\t\t\t\t\t\t\t\t\tclass='thickbox' rel='f3e10ed37b8ebc179857f7ad36075406'>\n\t\t\t\t\t\t\t\t<img\n\t\t\t\t\ttitle=\"Teno maratoni start Nuorgami l\u00e4histel. Stardirivi\"\n\t\t\t\t\talt=\"Teno maratoni start Nuorgami l\u00e4histel. Stardirivi\"\n\t\t\t\t\tsrc=\"https:\/\/www.juhe.ee\/foto\/wp-content\/gallery\/northern-region\/thumbs\/thumbs_091.jpg?t=1489503099\"\n\t\t\t\t\twidth=\"280\"\n\t\t\t\t\theight=\"187\"\n\t\t\t\t\tstyle=\"max-width:100%;\"\n\t\t\t\t\/>\n\t\t\t<\/a>\n\t\t<\/div>\n\t\t\t\t\t\t\t<\/div>\n\t\t\t\n\t\t\t\t<div id=\"ngg-image-91\" class=\"ngg-gallery-thumbnail-box\n\t\t\t\t\t\t\t\t\t\t\t\"\n\t\t\t style=\"display: none;\">\n\t\t\t\t\t\t<div class=\"ngg-gallery-thumbnail\">\n\t\t<a href=\"https:\/\/www.juhe.ee\/foto\/wp-content\/gallery\/northern-region\/092.jpg?t=1489503101\"\n\t\t\ttitle=\"\"\n\t\t\tdata-src=\"https:\/\/www.juhe.ee\/foto\/wp-content\/gallery\/northern-region\/092.jpg?t=1489503101\"\n\t\t\tdata-thumbnail=\"https:\/\/www.juhe.ee\/foto\/wp-content\/gallery\/northern-region\/thumbs\/thumbs_092.jpg?t=1489503101\"\n\t\t\tdata-image-id=\"682\"\n\t\t\tdata-image-name=\"092.jpg\"\n\t\t\tdata-title=\"Teno maratoni start Nuorgami l\u00e4histel. Stardipauk\"\n\t\t\tdata-description=\"\"\n\t\t\tdata-image-slug=\"092-2\"\n\t\t\t\t\t\t\t\t\t\t\t\t\t\t\t\t\t\t\t\tclass='thickbox' rel='f3e10ed37b8ebc179857f7ad36075406'>\n\t\t\t\t\t\t\t\t<img\n\t\t\t\t\ttitle=\"Teno maratoni start Nuorgami l\u00e4histel. Stardipauk\"\n\t\t\t\t\talt=\"Teno maratoni start Nuorgami l\u00e4histel. Stardipauk\"\n\t\t\t\t\tsrc=\"https:\/\/www.juhe.ee\/foto\/wp-content\/gallery\/northern-region\/thumbs\/thumbs_092.jpg?t=1489503101\"\n\t\t\t\t\twidth=\"280\"\n\t\t\t\t\theight=\"187\"\n\t\t\t\t\tstyle=\"max-width:100%;\"\n\t\t\t\t\/>\n\t\t\t<\/a>\n\t\t<\/div>\n\t\t\t\t\t\t\t<\/div>\n\t\t\t\n\t\t\t\t<div id=\"ngg-image-92\" class=\"ngg-gallery-thumbnail-box\n\t\t\t\t\t\t\t\t\t\t\t\"\n\t\t\t style=\"display: none;\">\n\t\t\t\t\t\t<div class=\"ngg-gallery-thumbnail\">\n\t\t<a href=\"https:\/\/www.juhe.ee\/foto\/wp-content\/gallery\/northern-region\/093.jpg?t=1489503103\"\n\t\t\ttitle=\"\"\n\t\t\tdata-src=\"https:\/\/www.juhe.ee\/foto\/wp-content\/gallery\/northern-region\/093.jpg?t=1489503103\"\n\t\t\tdata-thumbnail=\"https:\/\/www.juhe.ee\/foto\/wp-content\/gallery\/northern-region\/thumbs\/thumbs_093.jpg?t=1489503103\"\n\t\t\tdata-image-id=\"683\"\n\t\t\tdata-image-name=\"093.jpg\"\n\t\t\tdata-title=\"Teno maratoni start Nuorgami l\u00e4histel. L\u00e4ksidki...\"\n\t\t\tdata-description=\"\"\n\t\t\tdata-image-slug=\"093-2\"\n\t\t\t\t\t\t\t\t\t\t\t\t\t\t\t\t\t\t\t\tclass='thickbox' rel='f3e10ed37b8ebc179857f7ad36075406'>\n\t\t\t\t\t\t\t\t<img\n\t\t\t\t\ttitle=\"Teno maratoni start Nuorgami l\u00e4histel. L\u00e4ksidki...\"\n\t\t\t\t\talt=\"Teno maratoni start Nuorgami l\u00e4histel. L\u00e4ksidki...\"\n\t\t\t\t\tsrc=\"https:\/\/www.juhe.ee\/foto\/wp-content\/gallery\/northern-region\/thumbs\/thumbs_093.jpg?t=1489503103\"\n\t\t\t\t\twidth=\"280\"\n\t\t\t\t\theight=\"187\"\n\t\t\t\t\tstyle=\"max-width:100%;\"\n\t\t\t\t\/>\n\t\t\t<\/a>\n\t\t<\/div>\n\t\t\t\t\t\t\t<\/div>\n\t\t\t\n\t\t\t\t<div id=\"ngg-image-93\" class=\"ngg-gallery-thumbnail-box\n\t\t\t\t\t\t\t\t\t\t\t\"\n\t\t\t style=\"display: none;\">\n\t\t\t\t\t\t<div class=\"ngg-gallery-thumbnail\">\n\t\t<a href=\"https:\/\/www.juhe.ee\/foto\/wp-content\/gallery\/northern-region\/094.jpg?t=1489503105\"\n\t\t\ttitle=\"\"\n\t\t\tdata-src=\"https:\/\/www.juhe.ee\/foto\/wp-content\/gallery\/northern-region\/094.jpg?t=1489503105\"\n\t\t\tdata-thumbnail=\"https:\/\/www.juhe.ee\/foto\/wp-content\/gallery\/northern-region\/thumbs\/thumbs_094.jpg?t=1489503105\"\n\t\t\tdata-image-id=\"684\"\n\t\t\tdata-image-name=\"094.jpg\"\n\t\t\tdata-title=\"Kohvik Suvanto. Euroopa Liidu k\u00f5ige p\u00f5hjapoolsem\"\n\t\t\tdata-description=\"\"\n\t\t\tdata-image-slug=\"094-2\"\n\t\t\t\t\t\t\t\t\t\t\t\t\t\t\t\t\t\t\t\tclass='thickbox' rel='f3e10ed37b8ebc179857f7ad36075406'>\n\t\t\t\t\t\t\t\t<img\n\t\t\t\t\ttitle=\"Kohvik Suvanto. Euroopa Liidu k\u00f5ige p\u00f5hjapoolsem\"\n\t\t\t\t\talt=\"Kohvik Suvanto. Euroopa Liidu k\u00f5ige p\u00f5hjapoolsem\"\n\t\t\t\t\tsrc=\"https:\/\/www.juhe.ee\/foto\/wp-content\/gallery\/northern-region\/thumbs\/thumbs_094.jpg?t=1489503105\"\n\t\t\t\t\twidth=\"280\"\n\t\t\t\t\theight=\"187\"\n\t\t\t\t\tstyle=\"max-width:100%;\"\n\t\t\t\t\/>\n\t\t\t<\/a>\n\t\t<\/div>\n\t\t\t\t\t\t\t<\/div>\n\t\t\t\n\t\t\t\t<div id=\"ngg-image-94\" class=\"ngg-gallery-thumbnail-box\n\t\t\t\t\t\t\t\t\t\t\t\"\n\t\t\t style=\"display: none;\">\n\t\t\t\t\t\t<div class=\"ngg-gallery-thumbnail\">\n\t\t<a href=\"https:\/\/www.juhe.ee\/foto\/wp-content\/gallery\/northern-region\/095.jpg?t=1489503107\"\n\t\t\ttitle=\"\"\n\t\t\tdata-src=\"https:\/\/www.juhe.ee\/foto\/wp-content\/gallery\/northern-region\/095.jpg?t=1489503107\"\n\t\t\tdata-thumbnail=\"https:\/\/www.juhe.ee\/foto\/wp-content\/gallery\/northern-region\/thumbs\/thumbs_095.jpg?t=1489503107\"\n\t\t\tdata-image-id=\"685\"\n\t\t\tdata-image-name=\"095.jpg\"\n\t\t\tdata-title=\"Piirialal. Soome ja Euroopa Liidu k\u00f5ige p\u00f5hjapoolsem punkt\"\n\t\t\tdata-description=\"\"\n\t\t\tdata-image-slug=\"095-2\"\n\t\t\t\t\t\t\t\t\t\t\t\t\t\t\t\t\t\t\t\tclass='thickbox' rel='f3e10ed37b8ebc179857f7ad36075406'>\n\t\t\t\t\t\t\t\t<img\n\t\t\t\t\ttitle=\"Piirialal. Soome ja Euroopa Liidu k\u00f5ige p\u00f5hjapoolsem punkt\"\n\t\t\t\t\talt=\"Piirialal. Soome ja Euroopa Liidu k\u00f5ige p\u00f5hjapoolsem punkt\"\n\t\t\t\t\tsrc=\"https:\/\/www.juhe.ee\/foto\/wp-content\/gallery\/northern-region\/thumbs\/thumbs_095.jpg?t=1489503107\"\n\t\t\t\t\twidth=\"280\"\n\t\t\t\t\theight=\"187\"\n\t\t\t\t\tstyle=\"max-width:100%;\"\n\t\t\t\t\/>\n\t\t\t<\/a>\n\t\t<\/div>\n\t\t\t\t\t\t\t<\/div>\n\t\t\t\n\t\t\t\t<div id=\"ngg-image-95\" class=\"ngg-gallery-thumbnail-box\n\t\t\t\t\t\t\t\t\t\t\t\"\n\t\t\t style=\"display: none;\">\n\t\t\t\t\t\t<div class=\"ngg-gallery-thumbnail\">\n\t\t<a href=\"https:\/\/www.juhe.ee\/foto\/wp-content\/gallery\/northern-region\/096.jpg?t=1489503109\"\n\t\t\ttitle=\"\"\n\t\t\tdata-src=\"https:\/\/www.juhe.ee\/foto\/wp-content\/gallery\/northern-region\/096.jpg?t=1489503109\"\n\t\t\tdata-thumbnail=\"https:\/\/www.juhe.ee\/foto\/wp-content\/gallery\/northern-region\/thumbs\/thumbs_096.jpg?t=1489503109\"\n\t\t\tdata-image-id=\"686\"\n\t\t\tdata-image-name=\"096.jpg\"\n\t\t\tdata-title=\"Teno j\u00f5gi ja kalastajad\"\n\t\t\tdata-description=\"\"\n\t\t\tdata-image-slug=\"096-2\"\n\t\t\t\t\t\t\t\t\t\t\t\t\t\t\t\t\t\t\t\tclass='thickbox' rel='f3e10ed37b8ebc179857f7ad36075406'>\n\t\t\t\t\t\t\t\t<img\n\t\t\t\t\ttitle=\"Teno j\u00f5gi ja kalastajad\"\n\t\t\t\t\talt=\"Teno j\u00f5gi ja kalastajad\"\n\t\t\t\t\tsrc=\"https:\/\/www.juhe.ee\/foto\/wp-content\/gallery\/northern-region\/thumbs\/thumbs_096.jpg?t=1489503109\"\n\t\t\t\t\twidth=\"280\"\n\t\t\t\t\theight=\"187\"\n\t\t\t\t\tstyle=\"max-width:100%;\"\n\t\t\t\t\/>\n\t\t\t<\/a>\n\t\t<\/div>\n\t\t\t\t\t\t\t<\/div>\n\t\t\t\n\t\t\t\t<div id=\"ngg-image-96\" class=\"ngg-gallery-thumbnail-box\n\t\t\t\t\t\t\t\t\t\t\t\"\n\t\t\t style=\"display: none;\">\n\t\t\t\t\t\t<div class=\"ngg-gallery-thumbnail\">\n\t\t<a href=\"https:\/\/www.juhe.ee\/foto\/wp-content\/gallery\/northern-region\/097.jpg?t=1489503111\"\n\t\t\ttitle=\"\"\n\t\t\tdata-src=\"https:\/\/www.juhe.ee\/foto\/wp-content\/gallery\/northern-region\/097.jpg?t=1489503111\"\n\t\t\tdata-thumbnail=\"https:\/\/www.juhe.ee\/foto\/wp-content\/gallery\/northern-region\/thumbs\/thumbs_097.jpg?t=1489503111\"\n\t\t\tdata-image-id=\"687\"\n\t\t\tdata-image-name=\"097.jpg\"\n\t\t\tdata-title=\"Teno maraton. V\u00f5itjal on pool maratonist juba l\u00e4bitud\"\n\t\t\tdata-description=\"\"\n\t\t\tdata-image-slug=\"097-2\"\n\t\t\t\t\t\t\t\t\t\t\t\t\t\t\t\t\t\t\t\tclass='thickbox' rel='f3e10ed37b8ebc179857f7ad36075406'>\n\t\t\t\t\t\t\t\t<img\n\t\t\t\t\ttitle=\"Teno maraton. V\u00f5itjal on pool maratonist juba l\u00e4bitud\"\n\t\t\t\t\talt=\"Teno maraton. V\u00f5itjal on pool maratonist juba l\u00e4bitud\"\n\t\t\t\t\tsrc=\"https:\/\/www.juhe.ee\/foto\/wp-content\/gallery\/northern-region\/thumbs\/thumbs_097.jpg?t=1489503111\"\n\t\t\t\t\twidth=\"280\"\n\t\t\t\t\theight=\"187\"\n\t\t\t\t\tstyle=\"max-width:100%;\"\n\t\t\t\t\/>\n\t\t\t<\/a>\n\t\t<\/div>\n\t\t\t\t\t\t\t<\/div>\n\t\t\t\n\t\t\t\t<div id=\"ngg-image-97\" class=\"ngg-gallery-thumbnail-box\n\t\t\t\t\t\t\t\t\t\t\t\"\n\t\t\t style=\"display: none;\">\n\t\t\t\t\t\t<div class=\"ngg-gallery-thumbnail\">\n\t\t<a href=\"https:\/\/www.juhe.ee\/foto\/wp-content\/gallery\/northern-region\/098.jpg?t=1489503113\"\n\t\t\ttitle=\"\"\n\t\t\tdata-src=\"https:\/\/www.juhe.ee\/foto\/wp-content\/gallery\/northern-region\/098.jpg?t=1489503113\"\n\t\t\tdata-thumbnail=\"https:\/\/www.juhe.ee\/foto\/wp-content\/gallery\/northern-region\/thumbs\/thumbs_098.jpg?t=1489503113\"\n\t\t\tdata-image-id=\"688\"\n\t\t\tdata-image-name=\"098.jpg\"\n\t\t\tdata-title=\"Utsjoki kirikuh\u00fctid. Pildil paremal suitsusaun, vasakul \u00e4\u00e4res kelder kalade tarvis\"\n\t\t\tdata-description=\"\"\n\t\t\tdata-image-slug=\"098-2\"\n\t\t\t\t\t\t\t\t\t\t\t\t\t\t\t\t\t\t\t\tclass='thickbox' rel='f3e10ed37b8ebc179857f7ad36075406'>\n\t\t\t\t\t\t\t\t<img\n\t\t\t\t\ttitle=\"Utsjoki kirikuh\u00fctid. Pildil paremal suitsusaun, vasakul \u00e4\u00e4res kelder kalade tarvis\"\n\t\t\t\t\talt=\"Utsjoki kirikuh\u00fctid. Pildil paremal suitsusaun, vasakul \u00e4\u00e4res kelder kalade tarvis\"\n\t\t\t\t\tsrc=\"https:\/\/www.juhe.ee\/foto\/wp-content\/gallery\/northern-region\/thumbs\/thumbs_098.jpg?t=1489503113\"\n\t\t\t\t\twidth=\"280\"\n\t\t\t\t\theight=\"187\"\n\t\t\t\t\tstyle=\"max-width:100%;\"\n\t\t\t\t\/>\n\t\t\t<\/a>\n\t\t<\/div>\n\t\t\t\t\t\t\t<\/div>\n\t\t\t\n\t\t\t\t<div id=\"ngg-image-98\" class=\"ngg-gallery-thumbnail-box\n\t\t\t\t\t\t\t\t\t\t\t\"\n\t\t\t style=\"display: none;\">\n\t\t\t\t\t\t<div class=\"ngg-gallery-thumbnail\">\n\t\t<a href=\"https:\/\/www.juhe.ee\/foto\/wp-content\/gallery\/northern-region\/099.jpg?t=1489503115\"\n\t\t\ttitle=\"\"\n\t\t\tdata-src=\"https:\/\/www.juhe.ee\/foto\/wp-content\/gallery\/northern-region\/099.jpg?t=1489503115\"\n\t\t\tdata-thumbnail=\"https:\/\/www.juhe.ee\/foto\/wp-content\/gallery\/northern-region\/thumbs\/thumbs_099.jpg?t=1489503115\"\n\t\t\tdata-image-id=\"689\"\n\t\t\tdata-image-name=\"099.jpg\"\n\t\t\tdata-title=\"Utsjoki kirikuh\u00fctid. Jalgratas maantee \u00e4\u00e4res\"\n\t\t\tdata-description=\"\"\n\t\t\tdata-image-slug=\"099-2\"\n\t\t\t\t\t\t\t\t\t\t\t\t\t\t\t\t\t\t\t\tclass='thickbox' rel='f3e10ed37b8ebc179857f7ad36075406'>\n\t\t\t\t\t\t\t\t<img\n\t\t\t\t\ttitle=\"Utsjoki kirikuh\u00fctid. Jalgratas maantee \u00e4\u00e4res\"\n\t\t\t\t\talt=\"Utsjoki kirikuh\u00fctid. Jalgratas maantee \u00e4\u00e4res\"\n\t\t\t\t\tsrc=\"https:\/\/www.juhe.ee\/foto\/wp-content\/gallery\/northern-region\/thumbs\/thumbs_099.jpg?t=1489503115\"\n\t\t\t\t\twidth=\"280\"\n\t\t\t\t\theight=\"187\"\n\t\t\t\t\tstyle=\"max-width:100%;\"\n\t\t\t\t\/>\n\t\t\t<\/a>\n\t\t<\/div>\n\t\t\t\t\t\t\t<\/div>\n\t\t\t\n\t\t\t\t<div id=\"ngg-image-99\" class=\"ngg-gallery-thumbnail-box\n\t\t\t\t\t\t\t\t\t\t\t\"\n\t\t\t style=\"display: none;\">\n\t\t\t\t\t\t<div class=\"ngg-gallery-thumbnail\">\n\t\t<a href=\"https:\/\/www.juhe.ee\/foto\/wp-content\/gallery\/northern-region\/100.jpg?t=1489503116\"\n\t\t\ttitle=\"\"\n\t\t\tdata-src=\"https:\/\/www.juhe.ee\/foto\/wp-content\/gallery\/northern-region\/100.jpg?t=1489503116\"\n\t\t\tdata-thumbnail=\"https:\/\/www.juhe.ee\/foto\/wp-content\/gallery\/northern-region\/thumbs\/thumbs_100.jpg?t=1489503116\"\n\t\t\tdata-image-id=\"690\"\n\t\t\tdata-image-name=\"100.jpg\"\n\t\t\tdata-title=\"Teno maratoni fini\u0161 Utsjoki kooli staadionil\"\n\t\t\tdata-description=\"\"\n\t\t\tdata-image-slug=\"100-2\"\n\t\t\t\t\t\t\t\t\t\t\t\t\t\t\t\t\t\t\t\tclass='thickbox' rel='f3e10ed37b8ebc179857f7ad36075406'>\n\t\t\t\t\t\t\t\t<img\n\t\t\t\t\ttitle=\"Teno maratoni fini\u0161 Utsjoki kooli staadionil\"\n\t\t\t\t\talt=\"Teno maratoni fini\u0161 Utsjoki kooli staadionil\"\n\t\t\t\t\tsrc=\"https:\/\/www.juhe.ee\/foto\/wp-content\/gallery\/northern-region\/thumbs\/thumbs_100.jpg?t=1489503116\"\n\t\t\t\t\twidth=\"280\"\n\t\t\t\t\theight=\"187\"\n\t\t\t\t\tstyle=\"max-width:100%;\"\n\t\t\t\t\/>\n\t\t\t<\/a>\n\t\t<\/div>\n\t\t\t\t\t\t\t<\/div>\n\t\t\t\n\t\t\t\t<div id=\"ngg-image-100\" class=\"ngg-gallery-thumbnail-box\n\t\t\t\t\t\t\t\t\t\t\t\"\n\t\t\t style=\"display: none;\">\n\t\t\t\t\t\t<div class=\"ngg-gallery-thumbnail\">\n\t\t<a href=\"https:\/\/www.juhe.ee\/foto\/wp-content\/gallery\/northern-region\/101.jpg?t=1489503119\"\n\t\t\ttitle=\"\"\n\t\t\tdata-src=\"https:\/\/www.juhe.ee\/foto\/wp-content\/gallery\/northern-region\/101.jpg?t=1489503119\"\n\t\t\tdata-thumbnail=\"https:\/\/www.juhe.ee\/foto\/wp-content\/gallery\/northern-region\/thumbs\/thumbs_101.jpg?t=1489503119\"\n\t\t\tdata-image-id=\"691\"\n\t\t\tdata-image-name=\"101.jpg\"\n\t\t\tdata-title=\"Utsjoki. Poiste m\u00e4ngud\"\n\t\t\tdata-description=\"\"\n\t\t\tdata-image-slug=\"101-2\"\n\t\t\t\t\t\t\t\t\t\t\t\t\t\t\t\t\t\t\t\tclass='thickbox' rel='f3e10ed37b8ebc179857f7ad36075406'>\n\t\t\t\t\t\t\t\t<img\n\t\t\t\t\ttitle=\"Utsjoki. Poiste m\u00e4ngud\"\n\t\t\t\t\talt=\"Utsjoki. Poiste m\u00e4ngud\"\n\t\t\t\t\tsrc=\"https:\/\/www.juhe.ee\/foto\/wp-content\/gallery\/northern-region\/thumbs\/thumbs_101.jpg?t=1489503119\"\n\t\t\t\t\twidth=\"280\"\n\t\t\t\t\theight=\"187\"\n\t\t\t\t\tstyle=\"max-width:100%;\"\n\t\t\t\t\/>\n\t\t\t<\/a>\n\t\t<\/div>\n\t\t\t\t\t\t\t<\/div>\n\t\t\t\n\t\t\t\t<div id=\"ngg-image-101\" class=\"ngg-gallery-thumbnail-box\n\t\t\t\t\t\t\t\t\t\t\t\"\n\t\t\t style=\"display: none;\">\n\t\t\t\t\t\t<div class=\"ngg-gallery-thumbnail\">\n\t\t<a href=\"https:\/\/www.juhe.ee\/foto\/wp-content\/gallery\/northern-region\/102.jpg?t=1489503121\"\n\t\t\ttitle=\"\"\n\t\t\tdata-src=\"https:\/\/www.juhe.ee\/foto\/wp-content\/gallery\/northern-region\/102.jpg?t=1489503121\"\n\t\t\tdata-thumbnail=\"https:\/\/www.juhe.ee\/foto\/wp-content\/gallery\/northern-region\/thumbs\/thumbs_102.jpg?t=1489503121\"\n\t\t\tdata-image-id=\"692\"\n\t\t\tdata-image-name=\"102.jpg\"\n\t\t\tdata-title=\"Inari j\u00e4rve \u00e4\u00e4res \u00f6\u00f6sel kell 1\"\n\t\t\tdata-description=\"\"\n\t\t\tdata-image-slug=\"102-2\"\n\t\t\t\t\t\t\t\t\t\t\t\t\t\t\t\t\t\t\t\tclass='thickbox' rel='f3e10ed37b8ebc179857f7ad36075406'>\n\t\t\t\t\t\t\t\t<img\n\t\t\t\t\ttitle=\"Inari j\u00e4rve \u00e4\u00e4res \u00f6\u00f6sel kell 1\"\n\t\t\t\t\talt=\"Inari j\u00e4rve \u00e4\u00e4res \u00f6\u00f6sel kell 1\"\n\t\t\t\t\tsrc=\"https:\/\/www.juhe.ee\/foto\/wp-content\/gallery\/northern-region\/thumbs\/thumbs_102.jpg?t=1489503121\"\n\t\t\t\t\twidth=\"280\"\n\t\t\t\t\theight=\"187\"\n\t\t\t\t\tstyle=\"max-width:100%;\"\n\t\t\t\t\/>\n\t\t\t<\/a>\n\t\t<\/div>\n\t\t\t\t\t\t\t<\/div>\n\t\t\t\n\t\t\t\t<div id=\"ngg-image-102\" class=\"ngg-gallery-thumbnail-box\n\t\t\t\t\t\t\t\t\t\t\t\"\n\t\t\t style=\"display: none;\">\n\t\t\t\t\t\t<div class=\"ngg-gallery-thumbnail\">\n\t\t<a href=\"https:\/\/www.juhe.ee\/foto\/wp-content\/gallery\/northern-region\/103.jpg?t=1489503123\"\n\t\t\ttitle=\"\"\n\t\t\tdata-src=\"https:\/\/www.juhe.ee\/foto\/wp-content\/gallery\/northern-region\/103.jpg?t=1489503123\"\n\t\t\tdata-thumbnail=\"https:\/\/www.juhe.ee\/foto\/wp-content\/gallery\/northern-region\/thumbs\/thumbs_103.jpg?t=1489503123\"\n\t\t\tdata-image-id=\"693\"\n\t\t\tdata-image-name=\"103.jpg\"\n\t\t\tdata-title=\"Inari. \u00d6\u00f6sel kalamehed magavad, paadid teevad aega parajaks\"\n\t\t\tdata-description=\"\"\n\t\t\tdata-image-slug=\"103-2\"\n\t\t\t\t\t\t\t\t\t\t\t\t\t\t\t\t\t\t\t\tclass='thickbox' rel='f3e10ed37b8ebc179857f7ad36075406'>\n\t\t\t\t\t\t\t\t<img\n\t\t\t\t\ttitle=\"Inari. \u00d6\u00f6sel kalamehed magavad, paadid teevad aega parajaks\"\n\t\t\t\t\talt=\"Inari. \u00d6\u00f6sel kalamehed magavad, paadid teevad aega parajaks\"\n\t\t\t\t\tsrc=\"https:\/\/www.juhe.ee\/foto\/wp-content\/gallery\/northern-region\/thumbs\/thumbs_103.jpg?t=1489503123\"\n\t\t\t\t\twidth=\"280\"\n\t\t\t\t\theight=\"187\"\n\t\t\t\t\tstyle=\"max-width:100%;\"\n\t\t\t\t\/>\n\t\t\t<\/a>\n\t\t<\/div>\n\t\t\t\t\t\t\t<\/div>\n\t\t\t\n\t\t\t\t<div id=\"ngg-image-103\" class=\"ngg-gallery-thumbnail-box\n\t\t\t\t\t\t\t\t\t\t\t\"\n\t\t\t style=\"display: none;\">\n\t\t\t\t\t\t<div class=\"ngg-gallery-thumbnail\">\n\t\t<a href=\"https:\/\/www.juhe.ee\/foto\/wp-content\/gallery\/northern-region\/104.jpg?t=1489503125\"\n\t\t\ttitle=\"\"\n\t\t\tdata-src=\"https:\/\/www.juhe.ee\/foto\/wp-content\/gallery\/northern-region\/104.jpg?t=1489503125\"\n\t\t\tdata-thumbnail=\"https:\/\/www.juhe.ee\/foto\/wp-content\/gallery\/northern-region\/thumbs\/thumbs_104.jpg?t=1489503125\"\n\t\t\tdata-image-id=\"694\"\n\t\t\tdata-image-name=\"104.jpg\"\n\t\t\tdata-title=\"Siida. Saami muuseum Inaris. Soome kaasaegse rahvakunsti n\u00e4itus \u2013 peamiselt fotod ja puuskulptuurid\"\n\t\t\tdata-description=\"\"\n\t\t\tdata-image-slug=\"104-2\"\n\t\t\t\t\t\t\t\t\t\t\t\t\t\t\t\t\t\t\t\tclass='thickbox' rel='f3e10ed37b8ebc179857f7ad36075406'>\n\t\t\t\t\t\t\t\t<img\n\t\t\t\t\ttitle=\"Siida. Saami muuseum Inaris. Soome kaasaegse rahvakunsti n\u00e4itus \u2013 peamiselt fotod ja puuskulptuurid\"\n\t\t\t\t\talt=\"Siida. Saami muuseum Inaris. Soome kaasaegse rahvakunsti n\u00e4itus \u2013 peamiselt fotod ja puuskulptuurid\"\n\t\t\t\t\tsrc=\"https:\/\/www.juhe.ee\/foto\/wp-content\/gallery\/northern-region\/thumbs\/thumbs_104.jpg?t=1489503125\"\n\t\t\t\t\twidth=\"280\"\n\t\t\t\t\theight=\"187\"\n\t\t\t\t\tstyle=\"max-width:100%;\"\n\t\t\t\t\/>\n\t\t\t<\/a>\n\t\t<\/div>\n\t\t\t\t\t\t\t<\/div>\n\t\t\t\n\t\t\t\t<div id=\"ngg-image-104\" class=\"ngg-gallery-thumbnail-box\n\t\t\t\t\t\t\t\t\t\t\t\"\n\t\t\t style=\"display: none;\">\n\t\t\t\t\t\t<div class=\"ngg-gallery-thumbnail\">\n\t\t<a href=\"https:\/\/www.juhe.ee\/foto\/wp-content\/gallery\/northern-region\/105.jpg?t=1489503127\"\n\t\t\ttitle=\"\"\n\t\t\tdata-src=\"https:\/\/www.juhe.ee\/foto\/wp-content\/gallery\/northern-region\/105.jpg?t=1489503127\"\n\t\t\tdata-thumbnail=\"https:\/\/www.juhe.ee\/foto\/wp-content\/gallery\/northern-region\/thumbs\/thumbs_105.jpg?t=1489503127\"\n\t\t\tdata-image-id=\"695\"\n\t\t\tdata-image-name=\"105.jpg\"\n\t\t\tdata-title=\"Siida. P\u00fcsin\u00e4itus saami kultuurist\"\n\t\t\tdata-description=\"\"\n\t\t\tdata-image-slug=\"105-2\"\n\t\t\t\t\t\t\t\t\t\t\t\t\t\t\t\t\t\t\t\tclass='thickbox' rel='f3e10ed37b8ebc179857f7ad36075406'>\n\t\t\t\t\t\t\t\t<img\n\t\t\t\t\ttitle=\"Siida. P\u00fcsin\u00e4itus saami kultuurist\"\n\t\t\t\t\talt=\"Siida. P\u00fcsin\u00e4itus saami kultuurist\"\n\t\t\t\t\tsrc=\"https:\/\/www.juhe.ee\/foto\/wp-content\/gallery\/northern-region\/thumbs\/thumbs_105.jpg?t=1489503127\"\n\t\t\t\t\twidth=\"280\"\n\t\t\t\t\theight=\"187\"\n\t\t\t\t\tstyle=\"max-width:100%;\"\n\t\t\t\t\/>\n\t\t\t<\/a>\n\t\t<\/div>\n\t\t\t\t\t\t\t<\/div>\n\t\t\t\n\t\t\t\t<div id=\"ngg-image-105\" class=\"ngg-gallery-thumbnail-box\n\t\t\t\t\t\t\t\t\t\t\t\"\n\t\t\t style=\"display: none;\">\n\t\t\t\t\t\t<div class=\"ngg-gallery-thumbnail\">\n\t\t<a href=\"https:\/\/www.juhe.ee\/foto\/wp-content\/gallery\/northern-region\/106.jpg?t=1489503129\"\n\t\t\ttitle=\"\"\n\t\t\tdata-src=\"https:\/\/www.juhe.ee\/foto\/wp-content\/gallery\/northern-region\/106.jpg?t=1489503129\"\n\t\t\tdata-thumbnail=\"https:\/\/www.juhe.ee\/foto\/wp-content\/gallery\/northern-region\/thumbs\/thumbs_106.jpg?t=1489503129\"\n\t\t\tdata-image-id=\"696\"\n\t\t\tdata-image-name=\"106.jpg\"\n\t\t\tdata-title=\"Siida. Osa p\u00fcsin\u00e4itusest\"\n\t\t\tdata-description=\"\"\n\t\t\tdata-image-slug=\"106-2\"\n\t\t\t\t\t\t\t\t\t\t\t\t\t\t\t\t\t\t\t\tclass='thickbox' rel='f3e10ed37b8ebc179857f7ad36075406'>\n\t\t\t\t\t\t\t\t<img\n\t\t\t\t\ttitle=\"Siida. Osa p\u00fcsin\u00e4itusest\"\n\t\t\t\t\talt=\"Siida. Osa p\u00fcsin\u00e4itusest\"\n\t\t\t\t\tsrc=\"https:\/\/www.juhe.ee\/foto\/wp-content\/gallery\/northern-region\/thumbs\/thumbs_106.jpg?t=1489503129\"\n\t\t\t\t\twidth=\"280\"\n\t\t\t\t\theight=\"187\"\n\t\t\t\t\tstyle=\"max-width:100%;\"\n\t\t\t\t\/>\n\t\t\t<\/a>\n\t\t<\/div>\n\t\t\t\t\t\t\t<\/div>\n\t\t\t\n\t\t\t\t<div id=\"ngg-image-106\" class=\"ngg-gallery-thumbnail-box\n\t\t\t\t\t\t\t\t\t\t\t\"\n\t\t\t style=\"display: none;\">\n\t\t\t\t\t\t<div class=\"ngg-gallery-thumbnail\">\n\t\t<a href=\"https:\/\/www.juhe.ee\/foto\/wp-content\/gallery\/northern-region\/107.jpg?t=1489503131\"\n\t\t\ttitle=\"\"\n\t\t\tdata-src=\"https:\/\/www.juhe.ee\/foto\/wp-content\/gallery\/northern-region\/107.jpg?t=1489503131\"\n\t\t\tdata-thumbnail=\"https:\/\/www.juhe.ee\/foto\/wp-content\/gallery\/northern-region\/thumbs\/thumbs_107.jpg?t=1489503131\"\n\t\t\tdata-image-id=\"697\"\n\t\t\tdata-image-name=\"107.jpg\"\n\t\t\tdata-title=\"Siida vaba\u00f5humuuseum. Pildil \u201eheinak\u00fc\u00fcn\u201c, st sellisel platvormil s\u00e4ilitati lehmadele talveks m\u00f5eldud heina. Parajalt nii k\u00f5rge, et p\u00f5hjap\u00f5drad r\u00fc\u00fcstama ei p\u00e4\u00e4se.\"\n\t\t\tdata-description=\"\"\n\t\t\tdata-image-slug=\"107-2\"\n\t\t\t\t\t\t\t\t\t\t\t\t\t\t\t\t\t\t\t\tclass='thickbox' rel='f3e10ed37b8ebc179857f7ad36075406'>\n\t\t\t\t\t\t\t\t<img\n\t\t\t\t\ttitle=\"Siida vaba\u00f5humuuseum. Pildil \u201eheinak\u00fc\u00fcn\u201c, st sellisel platvormil s\u00e4ilitati lehmadele talveks m\u00f5eldud heina. Parajalt nii k\u00f5rge, et p\u00f5hjap\u00f5drad r\u00fc\u00fcstama ei p\u00e4\u00e4se.\"\n\t\t\t\t\talt=\"Siida vaba\u00f5humuuseum. Pildil \u201eheinak\u00fc\u00fcn\u201c, st sellisel platvormil s\u00e4ilitati lehmadele talveks m\u00f5eldud heina. Parajalt nii k\u00f5rge, et p\u00f5hjap\u00f5drad r\u00fc\u00fcstama ei p\u00e4\u00e4se.\"\n\t\t\t\t\tsrc=\"https:\/\/www.juhe.ee\/foto\/wp-content\/gallery\/northern-region\/thumbs\/thumbs_107.jpg?t=1489503131\"\n\t\t\t\t\twidth=\"280\"\n\t\t\t\t\theight=\"187\"\n\t\t\t\t\tstyle=\"max-width:100%;\"\n\t\t\t\t\/>\n\t\t\t<\/a>\n\t\t<\/div>\n\t\t\t\t\t\t\t<\/div>\n\t\t\t\n\t\t\t\t<div id=\"ngg-image-107\" class=\"ngg-gallery-thumbnail-box\n\t\t\t\t\t\t\t\t\t\t\t\"\n\t\t\t style=\"display: none;\">\n\t\t\t\t\t\t<div class=\"ngg-gallery-thumbnail\">\n\t\t<a href=\"https:\/\/www.juhe.ee\/foto\/wp-content\/gallery\/northern-region\/108.jpg?t=1489503133\"\n\t\t\ttitle=\"\"\n\t\t\tdata-src=\"https:\/\/www.juhe.ee\/foto\/wp-content\/gallery\/northern-region\/108.jpg?t=1489503133\"\n\t\t\tdata-thumbnail=\"https:\/\/www.juhe.ee\/foto\/wp-content\/gallery\/northern-region\/thumbs\/thumbs_108.jpg?t=1489503133\"\n\t\t\tdata-image-id=\"698\"\n\t\t\tdata-image-name=\"108.jpg\"\n\t\t\tdata-title=\"Siida vaba\u00f5humuuseum. Vaade saami talukohale\"\n\t\t\tdata-description=\"\"\n\t\t\tdata-image-slug=\"108-1\"\n\t\t\t\t\t\t\t\t\t\t\t\t\t\t\t\t\t\t\t\tclass='thickbox' rel='f3e10ed37b8ebc179857f7ad36075406'>\n\t\t\t\t\t\t\t\t<img\n\t\t\t\t\ttitle=\"Siida vaba\u00f5humuuseum. Vaade saami talukohale\"\n\t\t\t\t\talt=\"Siida vaba\u00f5humuuseum. Vaade saami talukohale\"\n\t\t\t\t\tsrc=\"https:\/\/www.juhe.ee\/foto\/wp-content\/gallery\/northern-region\/thumbs\/thumbs_108.jpg?t=1489503133\"\n\t\t\t\t\twidth=\"280\"\n\t\t\t\t\theight=\"187\"\n\t\t\t\t\tstyle=\"max-width:100%;\"\n\t\t\t\t\/>\n\t\t\t<\/a>\n\t\t<\/div>\n\t\t\t\t\t\t\t<\/div>\n\t\t\t\n\t\t\t\t<div id=\"ngg-image-108\" class=\"ngg-gallery-thumbnail-box\n\t\t\t\t\t\t\t\t\t\t\t\"\n\t\t\t style=\"display: none;\">\n\t\t\t\t\t\t<div class=\"ngg-gallery-thumbnail\">\n\t\t<a href=\"https:\/\/www.juhe.ee\/foto\/wp-content\/gallery\/northern-region\/109.jpg?t=1489503135\"\n\t\t\ttitle=\"\"\n\t\t\tdata-src=\"https:\/\/www.juhe.ee\/foto\/wp-content\/gallery\/northern-region\/109.jpg?t=1489503135\"\n\t\t\tdata-thumbnail=\"https:\/\/www.juhe.ee\/foto\/wp-content\/gallery\/northern-region\/thumbs\/thumbs_109.jpg?t=1489503135\"\n\t\t\tdata-image-id=\"699\"\n\t\t\tdata-image-name=\"109.jpg\"\n\t\t\tdata-title=\"Teel Inarist Rovaniemisse. Tee \u00e4\u00e4res oleva suveniiripoe ees valvasid sellised pakud\"\n\t\t\tdata-description=\"\"\n\t\t\tdata-image-slug=\"109-1\"\n\t\t\t\t\t\t\t\t\t\t\t\t\t\t\t\t\t\t\t\tclass='thickbox' rel='f3e10ed37b8ebc179857f7ad36075406'>\n\t\t\t\t\t\t\t\t<img\n\t\t\t\t\ttitle=\"Teel Inarist Rovaniemisse. Tee \u00e4\u00e4res oleva suveniiripoe ees valvasid sellised pakud\"\n\t\t\t\t\talt=\"Teel Inarist Rovaniemisse. Tee \u00e4\u00e4res oleva suveniiripoe ees valvasid sellised pakud\"\n\t\t\t\t\tsrc=\"https:\/\/www.juhe.ee\/foto\/wp-content\/gallery\/northern-region\/thumbs\/thumbs_109.jpg?t=1489503135\"\n\t\t\t\t\twidth=\"280\"\n\t\t\t\t\theight=\"187\"\n\t\t\t\t\tstyle=\"max-width:100%;\"\n\t\t\t\t\/>\n\t\t\t<\/a>\n\t\t<\/div>\n\t\t\t\t\t\t\t<\/div>\n\t\t\t\n\t\t\t\t<div id=\"ngg-image-109\" class=\"ngg-gallery-thumbnail-box\n\t\t\t\t\t\t\t\t\t\t\t\"\n\t\t\t style=\"display: none;\">\n\t\t\t\t\t\t<div class=\"ngg-gallery-thumbnail\">\n\t\t<a href=\"https:\/\/www.juhe.ee\/foto\/wp-content\/gallery\/northern-region\/110.jpg?t=1489503137\"\n\t\t\ttitle=\"\"\n\t\t\tdata-src=\"https:\/\/www.juhe.ee\/foto\/wp-content\/gallery\/northern-region\/110.jpg?t=1489503137\"\n\t\t\tdata-thumbnail=\"https:\/\/www.juhe.ee\/foto\/wp-content\/gallery\/northern-region\/thumbs\/thumbs_110.jpg?t=1489503137\"\n\t\t\tdata-image-id=\"700\"\n\t\t\tdata-image-name=\"110.jpg\"\n\t\t\tdata-title=\"Joulupukin Pajakyl\u00e4. Tinglik polaarjoon\"\n\t\t\tdata-description=\"\"\n\t\t\tdata-image-slug=\"110-1\"\n\t\t\t\t\t\t\t\t\t\t\t\t\t\t\t\t\t\t\t\tclass='thickbox' rel='f3e10ed37b8ebc179857f7ad36075406'>\n\t\t\t\t\t\t\t\t<img\n\t\t\t\t\ttitle=\"Joulupukin Pajakyl\u00e4. Tinglik polaarjoon\"\n\t\t\t\t\talt=\"Joulupukin Pajakyl\u00e4. Tinglik polaarjoon\"\n\t\t\t\t\tsrc=\"https:\/\/www.juhe.ee\/foto\/wp-content\/gallery\/northern-region\/thumbs\/thumbs_110.jpg?t=1489503137\"\n\t\t\t\t\twidth=\"280\"\n\t\t\t\t\theight=\"187\"\n\t\t\t\t\tstyle=\"max-width:100%;\"\n\t\t\t\t\/>\n\t\t\t<\/a>\n\t\t<\/div>\n\t\t\t\t\t\t\t<\/div>\n\t\t\t\n\t\t\t\t<div id=\"ngg-image-110\" class=\"ngg-gallery-thumbnail-box\n\t\t\t\t\t\t\t\t\t\t\t\"\n\t\t\t style=\"display: none;\">\n\t\t\t\t\t\t<div class=\"ngg-gallery-thumbnail\">\n\t\t<a href=\"https:\/\/www.juhe.ee\/foto\/wp-content\/gallery\/northern-region\/111.jpg?t=1489503139\"\n\t\t\ttitle=\"\"\n\t\t\tdata-src=\"https:\/\/www.juhe.ee\/foto\/wp-content\/gallery\/northern-region\/111.jpg?t=1489503139\"\n\t\t\tdata-thumbnail=\"https:\/\/www.juhe.ee\/foto\/wp-content\/gallery\/northern-region\/thumbs\/thumbs_111.jpg?t=1489503139\"\n\t\t\tdata-image-id=\"701\"\n\t\t\tdata-image-name=\"111.jpg\"\n\t\t\tdata-title=\"Joulupukin Pajakyl\u00e4. Kivid mererannast ka kaubaks...\"\n\t\t\tdata-description=\"\"\n\t\t\tdata-image-slug=\"111-1\"\n\t\t\t\t\t\t\t\t\t\t\t\t\t\t\t\t\t\t\t\tclass='thickbox' rel='f3e10ed37b8ebc179857f7ad36075406'>\n\t\t\t\t\t\t\t\t<img\n\t\t\t\t\ttitle=\"Joulupukin Pajakyl\u00e4. Kivid mererannast ka kaubaks...\"\n\t\t\t\t\talt=\"Joulupukin Pajakyl\u00e4. Kivid mererannast ka kaubaks...\"\n\t\t\t\t\tsrc=\"https:\/\/www.juhe.ee\/foto\/wp-content\/gallery\/northern-region\/thumbs\/thumbs_111.jpg?t=1489503139\"\n\t\t\t\t\twidth=\"280\"\n\t\t\t\t\theight=\"187\"\n\t\t\t\t\tstyle=\"max-width:100%;\"\n\t\t\t\t\/>\n\t\t\t<\/a>\n\t\t<\/div>\n\t\t\t\t\t\t\t<\/div>\n\t\t\t\n\t\t\t\t<div id=\"ngg-image-111\" class=\"ngg-gallery-thumbnail-box\n\t\t\t\t\t\t\t\t\t\t\t\"\n\t\t\t style=\"display: none;\">\n\t\t\t\t\t\t<div class=\"ngg-gallery-thumbnail\">\n\t\t<a href=\"https:\/\/www.juhe.ee\/foto\/wp-content\/gallery\/northern-region\/112.jpg?t=1489503140\"\n\t\t\ttitle=\"\"\n\t\t\tdata-src=\"https:\/\/www.juhe.ee\/foto\/wp-content\/gallery\/northern-region\/112.jpg?t=1489503140\"\n\t\t\tdata-thumbnail=\"https:\/\/www.juhe.ee\/foto\/wp-content\/gallery\/northern-region\/thumbs\/thumbs_112.jpg?t=1489503140\"\n\t\t\tdata-image-id=\"702\"\n\t\t\tdata-image-name=\"112.jpg\"\n\t\t\tdata-title=\"Rovaniemi. Elu keeb\"\n\t\t\tdata-description=\"\"\n\t\t\tdata-image-slug=\"112-1\"\n\t\t\t\t\t\t\t\t\t\t\t\t\t\t\t\t\t\t\t\tclass='thickbox' rel='f3e10ed37b8ebc179857f7ad36075406'>\n\t\t\t\t\t\t\t\t<img\n\t\t\t\t\ttitle=\"Rovaniemi. Elu keeb\"\n\t\t\t\t\talt=\"Rovaniemi. Elu keeb\"\n\t\t\t\t\tsrc=\"https:\/\/www.juhe.ee\/foto\/wp-content\/gallery\/northern-region\/thumbs\/thumbs_112.jpg?t=1489503140\"\n\t\t\t\t\twidth=\"280\"\n\t\t\t\t\theight=\"187\"\n\t\t\t\t\tstyle=\"max-width:100%;\"\n\t\t\t\t\/>\n\t\t\t<\/a>\n\t\t<\/div>\n\t\t\t\t\t\t\t<\/div>\n\t\t\t\n\t\t\t\t<div id=\"ngg-image-112\" class=\"ngg-gallery-thumbnail-box\n\t\t\t\t\t\t\t\t\t\t\t\"\n\t\t\t style=\"display: none;\">\n\t\t\t\t\t\t<div class=\"ngg-gallery-thumbnail\">\n\t\t<a href=\"https:\/\/www.juhe.ee\/foto\/wp-content\/gallery\/northern-region\/113.jpg?t=1489503142\"\n\t\t\ttitle=\"\"\n\t\t\tdata-src=\"https:\/\/www.juhe.ee\/foto\/wp-content\/gallery\/northern-region\/113.jpg?t=1489503142\"\n\t\t\tdata-thumbnail=\"https:\/\/www.juhe.ee\/foto\/wp-content\/gallery\/northern-region\/thumbs\/thumbs_113.jpg?t=1489503142\"\n\t\t\tdata-image-id=\"703\"\n\t\t\tdata-image-name=\"113.jpg\"\n\t\t\tdata-title=\"Arktikum. Sisevaade\"\n\t\t\tdata-description=\"\"\n\t\t\tdata-image-slug=\"113-1\"\n\t\t\t\t\t\t\t\t\t\t\t\t\t\t\t\t\t\t\t\tclass='thickbox' rel='f3e10ed37b8ebc179857f7ad36075406'>\n\t\t\t\t\t\t\t\t<img\n\t\t\t\t\ttitle=\"Arktikum. Sisevaade\"\n\t\t\t\t\talt=\"Arktikum. Sisevaade\"\n\t\t\t\t\tsrc=\"https:\/\/www.juhe.ee\/foto\/wp-content\/gallery\/northern-region\/thumbs\/thumbs_113.jpg?t=1489503142\"\n\t\t\t\t\twidth=\"280\"\n\t\t\t\t\theight=\"187\"\n\t\t\t\t\tstyle=\"max-width:100%;\"\n\t\t\t\t\/>\n\t\t\t<\/a>\n\t\t<\/div>\n\t\t\t\t\t\t\t<\/div>\n\t\t\t\n\t\t\t\t<div id=\"ngg-image-113\" class=\"ngg-gallery-thumbnail-box\n\t\t\t\t\t\t\t\t\t\t\t\"\n\t\t\t style=\"display: none;\">\n\t\t\t\t\t\t<div class=\"ngg-gallery-thumbnail\">\n\t\t<a href=\"https:\/\/www.juhe.ee\/foto\/wp-content\/gallery\/northern-region\/114.jpg?t=1489503144\"\n\t\t\ttitle=\"\"\n\t\t\tdata-src=\"https:\/\/www.juhe.ee\/foto\/wp-content\/gallery\/northern-region\/114.jpg?t=1489503144\"\n\t\t\tdata-thumbnail=\"https:\/\/www.juhe.ee\/foto\/wp-content\/gallery\/northern-region\/thumbs\/thumbs_114.jpg?t=1489503144\"\n\t\t\tdata-image-id=\"704\"\n\t\t\tdata-image-name=\"114.jpg\"\n\t\t\tdata-title=\"Arktikum. Saami pulmar\u00f5ivad\"\n\t\t\tdata-description=\"\"\n\t\t\tdata-image-slug=\"114-1\"\n\t\t\t\t\t\t\t\t\t\t\t\t\t\t\t\t\t\t\t\tclass='thickbox' rel='f3e10ed37b8ebc179857f7ad36075406'>\n\t\t\t\t\t\t\t\t<img\n\t\t\t\t\ttitle=\"Arktikum. Saami pulmar\u00f5ivad\"\n\t\t\t\t\talt=\"Arktikum. Saami pulmar\u00f5ivad\"\n\t\t\t\t\tsrc=\"https:\/\/www.juhe.ee\/foto\/wp-content\/gallery\/northern-region\/thumbs\/thumbs_114.jpg?t=1489503144\"\n\t\t\t\t\twidth=\"280\"\n\t\t\t\t\theight=\"187\"\n\t\t\t\t\tstyle=\"max-width:100%;\"\n\t\t\t\t\/>\n\t\t\t<\/a>\n\t\t<\/div>\n\t\t\t\t\t\t\t<\/div>\n\t\t\t\n\t\t\t\t<div id=\"ngg-image-114\" class=\"ngg-gallery-thumbnail-box\n\t\t\t\t\t\t\t\t\t\t\t\"\n\t\t\t style=\"display: none;\">\n\t\t\t\t\t\t<div class=\"ngg-gallery-thumbnail\">\n\t\t<a href=\"https:\/\/www.juhe.ee\/foto\/wp-content\/gallery\/northern-region\/115.jpg?t=1489503146\"\n\t\t\ttitle=\"\"\n\t\t\tdata-src=\"https:\/\/www.juhe.ee\/foto\/wp-content\/gallery\/northern-region\/115.jpg?t=1489503146\"\n\t\t\tdata-thumbnail=\"https:\/\/www.juhe.ee\/foto\/wp-content\/gallery\/northern-region\/thumbs\/thumbs_115.jpg?t=1489503146\"\n\t\t\tdata-image-id=\"705\"\n\t\t\tdata-image-name=\"115.jpg\"\n\t\t\tdata-title=\"Arktikum. V\u00e4lisvaade\"\n\t\t\tdata-description=\"\"\n\t\t\tdata-image-slug=\"115-1\"\n\t\t\t\t\t\t\t\t\t\t\t\t\t\t\t\t\t\t\t\tclass='thickbox' rel='f3e10ed37b8ebc179857f7ad36075406'>\n\t\t\t\t\t\t\t\t<img\n\t\t\t\t\ttitle=\"Arktikum. V\u00e4lisvaade\"\n\t\t\t\t\talt=\"Arktikum. V\u00e4lisvaade\"\n\t\t\t\t\tsrc=\"https:\/\/www.juhe.ee\/foto\/wp-content\/gallery\/northern-region\/thumbs\/thumbs_115.jpg?t=1489503146\"\n\t\t\t\t\twidth=\"280\"\n\t\t\t\t\theight=\"187\"\n\t\t\t\t\tstyle=\"max-width:100%;\"\n\t\t\t\t\/>\n\t\t\t<\/a>\n\t\t<\/div>\n\t\t\t\t\t\t\t<\/div>\n\t\t\t\n\t\t\t\t<div id=\"ngg-image-115\" class=\"ngg-gallery-thumbnail-box\n\t\t\t\t\t\t\t\t\t\t\t\"\n\t\t\t style=\"display: none;\">\n\t\t\t\t\t\t<div class=\"ngg-gallery-thumbnail\">\n\t\t<a href=\"https:\/\/www.juhe.ee\/foto\/wp-content\/gallery\/northern-region\/116.jpg?t=1489503148\"\n\t\t\ttitle=\"\"\n\t\t\tdata-src=\"https:\/\/www.juhe.ee\/foto\/wp-content\/gallery\/northern-region\/116.jpg?t=1489503148\"\n\t\t\tdata-thumbnail=\"https:\/\/www.juhe.ee\/foto\/wp-content\/gallery\/northern-region\/thumbs\/thumbs_116.jpg?t=1489503148\"\n\t\t\tdata-image-id=\"706\"\n\t\t\tdata-image-name=\"116.jpg\"\n\t\t\tdata-title=\"Oulu. Suhted paigas\"\n\t\t\tdata-description=\"\"\n\t\t\tdata-image-slug=\"116-1\"\n\t\t\t\t\t\t\t\t\t\t\t\t\t\t\t\t\t\t\t\tclass='thickbox' rel='f3e10ed37b8ebc179857f7ad36075406'>\n\t\t\t\t\t\t\t\t<img\n\t\t\t\t\ttitle=\"Oulu. Suhted paigas\"\n\t\t\t\t\talt=\"Oulu. Suhted paigas\"\n\t\t\t\t\tsrc=\"https:\/\/www.juhe.ee\/foto\/wp-content\/gallery\/northern-region\/thumbs\/thumbs_116.jpg?t=1489503148\"\n\t\t\t\t\twidth=\"280\"\n\t\t\t\t\theight=\"187\"\n\t\t\t\t\tstyle=\"max-width:100%;\"\n\t\t\t\t\/>\n\t\t\t<\/a>\n\t\t<\/div>\n\t\t\t\t\t\t\t<\/div>\n\t\t\t\n\t\t\t\t<div id=\"ngg-image-116\" class=\"ngg-gallery-thumbnail-box\n\t\t\t\t\t\t\t\t\t\t\t\"\n\t\t\t style=\"display: none;\">\n\t\t\t\t\t\t<div class=\"ngg-gallery-thumbnail\">\n\t\t<a href=\"https:\/\/www.juhe.ee\/foto\/wp-content\/gallery\/northern-region\/117.jpg?t=1489503150\"\n\t\t\ttitle=\"\"\n\t\t\tdata-src=\"https:\/\/www.juhe.ee\/foto\/wp-content\/gallery\/northern-region\/117.jpg?t=1489503150\"\n\t\t\tdata-thumbnail=\"https:\/\/www.juhe.ee\/foto\/wp-content\/gallery\/northern-region\/thumbs\/thumbs_117.jpg?t=1489503150\"\n\t\t\tdata-image-id=\"707\"\n\t\t\tdata-image-name=\"117.jpg\"\n\t\t\tdata-title=\"Oulu. Turuv\u00e4ljak\"\n\t\t\tdata-description=\"\"\n\t\t\tdata-image-slug=\"117-1\"\n\t\t\t\t\t\t\t\t\t\t\t\t\t\t\t\t\t\t\t\tclass='thickbox' rel='f3e10ed37b8ebc179857f7ad36075406'>\n\t\t\t\t\t\t\t\t<img\n\t\t\t\t\ttitle=\"Oulu. Turuv\u00e4ljak\"\n\t\t\t\t\talt=\"Oulu. Turuv\u00e4ljak\"\n\t\t\t\t\tsrc=\"https:\/\/www.juhe.ee\/foto\/wp-content\/gallery\/northern-region\/thumbs\/thumbs_117.jpg?t=1489503150\"\n\t\t\t\t\twidth=\"280\"\n\t\t\t\t\theight=\"187\"\n\t\t\t\t\tstyle=\"max-width:100%;\"\n\t\t\t\t\/>\n\t\t\t<\/a>\n\t\t<\/div>\n\t\t\t\t\t\t\t<\/div>\n\t\t\t\n\t\t\t\t<div id=\"ngg-image-117\" class=\"ngg-gallery-thumbnail-box\n\t\t\t\t\t\t\t\t\t\t\t\"\n\t\t\t style=\"display: none;\">\n\t\t\t\t\t\t<div class=\"ngg-gallery-thumbnail\">\n\t\t<a href=\"https:\/\/www.juhe.ee\/foto\/wp-content\/gallery\/northern-region\/118.jpg?t=1489503152\"\n\t\t\ttitle=\"\"\n\t\t\tdata-src=\"https:\/\/www.juhe.ee\/foto\/wp-content\/gallery\/northern-region\/118.jpg?t=1489503152\"\n\t\t\tdata-thumbnail=\"https:\/\/www.juhe.ee\/foto\/wp-content\/gallery\/northern-region\/thumbs\/thumbs_118.jpg?t=1489503152\"\n\t\t\tdata-image-id=\"708\"\n\t\t\tdata-image-name=\"118.jpg\"\n\t\t\tdata-title=\"Oulu. P\u00fchap\u00e4ev linnas\"\n\t\t\tdata-description=\"\"\n\t\t\tdata-image-slug=\"118-1\"\n\t\t\t\t\t\t\t\t\t\t\t\t\t\t\t\t\t\t\t\tclass='thickbox' rel='f3e10ed37b8ebc179857f7ad36075406'>\n\t\t\t\t\t\t\t\t<img\n\t\t\t\t\ttitle=\"Oulu. P\u00fchap\u00e4ev linnas\"\n\t\t\t\t\talt=\"Oulu. P\u00fchap\u00e4ev linnas\"\n\t\t\t\t\tsrc=\"https:\/\/www.juhe.ee\/foto\/wp-content\/gallery\/northern-region\/thumbs\/thumbs_118.jpg?t=1489503152\"\n\t\t\t\t\twidth=\"280\"\n\t\t\t\t\theight=\"187\"\n\t\t\t\t\tstyle=\"max-width:100%;\"\n\t\t\t\t\/>\n\t\t\t<\/a>\n\t\t<\/div>\n\t\t\t\t\t\t\t<\/div>\n\t\t\t\n\t\t\t\t<div id=\"ngg-image-118\" class=\"ngg-gallery-thumbnail-box\n\t\t\t\t\t\t\t\t\t\t\t\"\n\t\t\t style=\"display: none;\">\n\t\t\t\t\t\t<div class=\"ngg-gallery-thumbnail\">\n\t\t<a href=\"https:\/\/www.juhe.ee\/foto\/wp-content\/gallery\/northern-region\/119.jpg?t=1489503154\"\n\t\t\ttitle=\"\"\n\t\t\tdata-src=\"https:\/\/www.juhe.ee\/foto\/wp-content\/gallery\/northern-region\/119.jpg?t=1489503154\"\n\t\t\tdata-thumbnail=\"https:\/\/www.juhe.ee\/foto\/wp-content\/gallery\/northern-region\/thumbs\/thumbs_119.jpg?t=1489503154\"\n\t\t\tdata-image-id=\"709\"\n\t\t\tdata-image-name=\"119.jpg\"\n\t\t\tdata-title=\"Oulu. Hotelliaknast vaade Stora Enso Oulu paberitehasele\"\n\t\t\tdata-description=\"\"\n\t\t\tdata-image-slug=\"119\"\n\t\t\t\t\t\t\t\t\t\t\t\t\t\t\t\t\t\t\t\tclass='thickbox' rel='f3e10ed37b8ebc179857f7ad36075406'>\n\t\t\t\t\t\t\t\t<img\n\t\t\t\t\ttitle=\"Oulu. Hotelliaknast vaade Stora Enso Oulu paberitehasele\"\n\t\t\t\t\talt=\"Oulu. Hotelliaknast vaade Stora Enso Oulu paberitehasele\"\n\t\t\t\t\tsrc=\"https:\/\/www.juhe.ee\/foto\/wp-content\/gallery\/northern-region\/thumbs\/thumbs_119.jpg?t=1489503154\"\n\t\t\t\t\twidth=\"280\"\n\t\t\t\t\theight=\"187\"\n\t\t\t\t\tstyle=\"max-width:100%;\"\n\t\t\t\t\/>\n\t\t\t<\/a>\n\t\t<\/div>\n\t\t\t\t\t\t\t<\/div>\n\t\t\t\n\t\t\t\t<div id=\"ngg-image-119\" class=\"ngg-gallery-thumbnail-box\n\t\t\t\t\t\t\t\t\t\t\t\"\n\t\t\t style=\"display: none;\">\n\t\t\t\t\t\t<div class=\"ngg-gallery-thumbnail\">\n\t\t<a href=\"https:\/\/www.juhe.ee\/foto\/wp-content\/gallery\/northern-region\/120.jpg?t=1489503155\"\n\t\t\ttitle=\"\"\n\t\t\tdata-src=\"https:\/\/www.juhe.ee\/foto\/wp-content\/gallery\/northern-region\/120.jpg?t=1489503155\"\n\t\t\tdata-thumbnail=\"https:\/\/www.juhe.ee\/foto\/wp-content\/gallery\/northern-region\/thumbs\/thumbs_120.jpg?t=1489503155\"\n\t\t\tdata-image-id=\"710\"\n\t\t\tdata-image-name=\"120.jpg\"\n\t\t\tdata-title=\"Oulu. P\u00e4ris mitu purskkaevu\"\n\t\t\tdata-description=\"\"\n\t\t\tdata-image-slug=\"120-1\"\n\t\t\t\t\t\t\t\t\t\t\t\t\t\t\t\t\t\t\t\tclass='thickbox' rel='f3e10ed37b8ebc179857f7ad36075406'>\n\t\t\t\t\t\t\t\t<img\n\t\t\t\t\ttitle=\"Oulu. P\u00e4ris mitu purskkaevu\"\n\t\t\t\t\talt=\"Oulu. P\u00e4ris mitu purskkaevu\"\n\t\t\t\t\tsrc=\"https:\/\/www.juhe.ee\/foto\/wp-content\/gallery\/northern-region\/thumbs\/thumbs_120.jpg?t=1489503155\"\n\t\t\t\t\twidth=\"280\"\n\t\t\t\t\theight=\"187\"\n\t\t\t\t\tstyle=\"max-width:100%;\"\n\t\t\t\t\/>\n\t\t\t<\/a>\n\t\t<\/div>\n\t\t\t\t\t\t\t<\/div>\n\t\t\t\n\t\t\t\t<div id=\"ngg-image-120\" class=\"ngg-gallery-thumbnail-box\n\t\t\t\t\t\t\t\t\t\t\t\"\n\t\t\t style=\"display: none;\">\n\t\t\t\t\t\t<div class=\"ngg-gallery-thumbnail\">\n\t\t<a href=\"https:\/\/www.juhe.ee\/foto\/wp-content\/gallery\/northern-region\/121.jpg?t=1489503157\"\n\t\t\ttitle=\"\"\n\t\t\tdata-src=\"https:\/\/www.juhe.ee\/foto\/wp-content\/gallery\/northern-region\/121.jpg?t=1489503157\"\n\t\t\tdata-thumbnail=\"https:\/\/www.juhe.ee\/foto\/wp-content\/gallery\/northern-region\/thumbs\/thumbs_121.jpg?t=1489503157\"\n\t\t\tdata-image-id=\"711\"\n\t\t\tdata-image-name=\"121.jpg\"\n\t\t\tdata-title=\"Lahti. Suusah\u00fcppem\u00e4ed, v\u00e4libassein ja ehitust\u00f6\u00f6d\"\n\t\t\tdata-description=\"\"\n\t\t\tdata-image-slug=\"121-1\"\n\t\t\t\t\t\t\t\t\t\t\t\t\t\t\t\t\t\t\t\tclass='thickbox' rel='f3e10ed37b8ebc179857f7ad36075406'>\n\t\t\t\t\t\t\t\t<img\n\t\t\t\t\ttitle=\"Lahti. Suusah\u00fcppem\u00e4ed, v\u00e4libassein ja ehitust\u00f6\u00f6d\"\n\t\t\t\t\talt=\"Lahti. Suusah\u00fcppem\u00e4ed, v\u00e4libassein ja ehitust\u00f6\u00f6d\"\n\t\t\t\t\tsrc=\"https:\/\/www.juhe.ee\/foto\/wp-content\/gallery\/northern-region\/thumbs\/thumbs_121.jpg?t=1489503157\"\n\t\t\t\t\twidth=\"280\"\n\t\t\t\t\theight=\"187\"\n\t\t\t\t\tstyle=\"max-width:100%;\"\n\t\t\t\t\/>\n\t\t\t<\/a>\n\t\t<\/div>\n\t\t\t\t\t\t\t<\/div>\n\t\t\t\n\t\t\t\t<div id=\"ngg-image-121\" class=\"ngg-gallery-thumbnail-box\n\t\t\t\t\t\t\t\t\t\t\t\"\n\t\t\t style=\"display: none;\">\n\t\t\t\t\t\t<div class=\"ngg-gallery-thumbnail\">\n\t\t<a href=\"https:\/\/www.juhe.ee\/foto\/wp-content\/gallery\/northern-region\/122.jpg?t=1489503160\"\n\t\t\ttitle=\"\"\n\t\t\tdata-src=\"https:\/\/www.juhe.ee\/foto\/wp-content\/gallery\/northern-region\/122.jpg?t=1489503160\"\n\t\t\tdata-thumbnail=\"https:\/\/www.juhe.ee\/foto\/wp-content\/gallery\/northern-region\/thumbs\/thumbs_122.jpg?t=1489503160\"\n\t\t\tdata-image-id=\"712\"\n\t\t\tdata-image-name=\"122.jpg\"\n\t\t\tdata-title=\"Lahti. Harjutusv\u00e4ljak\"\n\t\t\tdata-description=\"\"\n\t\t\tdata-image-slug=\"122-1\"\n\t\t\t\t\t\t\t\t\t\t\t\t\t\t\t\t\t\t\t\tclass='thickbox' rel='f3e10ed37b8ebc179857f7ad36075406'>\n\t\t\t\t\t\t\t\t<img\n\t\t\t\t\ttitle=\"Lahti. Harjutusv\u00e4ljak\"\n\t\t\t\t\talt=\"Lahti. Harjutusv\u00e4ljak\"\n\t\t\t\t\tsrc=\"https:\/\/www.juhe.ee\/foto\/wp-content\/gallery\/northern-region\/thumbs\/thumbs_122.jpg?t=1489503160\"\n\t\t\t\t\twidth=\"280\"\n\t\t\t\t\theight=\"187\"\n\t\t\t\t\tstyle=\"max-width:100%;\"\n\t\t\t\t\/>\n\t\t\t<\/a>\n\t\t<\/div>\n\t\t\t\t\t\t\t<\/div>\n\t\t\t\n\t\t\t\t<div id=\"ngg-image-122\" class=\"ngg-gallery-thumbnail-box\n\t\t\t\t\t\t\t\t\t\t\t\"\n\t\t\t style=\"display: none;\">\n\t\t\t\t\t\t<div class=\"ngg-gallery-thumbnail\">\n\t\t<a href=\"https:\/\/www.juhe.ee\/foto\/wp-content\/gallery\/northern-region\/123.jpg?t=1489503162\"\n\t\t\ttitle=\"\"\n\t\t\tdata-src=\"https:\/\/www.juhe.ee\/foto\/wp-content\/gallery\/northern-region\/123.jpg?t=1489503162\"\n\t\t\tdata-thumbnail=\"https:\/\/www.juhe.ee\/foto\/wp-content\/gallery\/northern-region\/thumbs\/thumbs_123.jpg?t=1489503162\"\n\t\t\tdata-image-id=\"713\"\n\t\t\tdata-image-name=\"123.jpg\"\n\t\t\tdata-title=\"Lahti. Eliel Saarineni projekteeritud raekoda\"\n\t\t\tdata-description=\"\"\n\t\t\tdata-image-slug=\"123-1\"\n\t\t\t\t\t\t\t\t\t\t\t\t\t\t\t\t\t\t\t\tclass='thickbox' rel='f3e10ed37b8ebc179857f7ad36075406'>\n\t\t\t\t\t\t\t\t<img\n\t\t\t\t\ttitle=\"Lahti. Eliel Saarineni projekteeritud raekoda\"\n\t\t\t\t\talt=\"Lahti. Eliel Saarineni projekteeritud raekoda\"\n\t\t\t\t\tsrc=\"https:\/\/www.juhe.ee\/foto\/wp-content\/gallery\/northern-region\/thumbs\/thumbs_123.jpg?t=1489503162\"\n\t\t\t\t\twidth=\"280\"\n\t\t\t\t\theight=\"187\"\n\t\t\t\t\tstyle=\"max-width:100%;\"\n\t\t\t\t\/>\n\t\t\t<\/a>\n\t\t<\/div>\n\t\t\t\t\t\t\t<\/div>\n\t\t\t\n\t\n\t\n\t\t<!-- Pagination -->\n\t\t<div class=\"ngg-navigation\"><span class=\"current\">1<\/span>\n<a class=\"page-numbers\" data-pageid=\"2\" href=\"https:\/\/www.juhe.ee\/foto\/reis\/soome-pohja-norra\/nggallery\/page\/2\">2<\/a>\n<a class=\"page-numbers\" data-pageid=\"3\" href=\"https:\/\/www.juhe.ee\/foto\/reis\/soome-pohja-norra\/nggallery\/page\/3\">3<\/a>\n<a class=\"prev\" href=\"https:\/\/www.juhe.ee\/foto\/reis\/soome-pohja-norra\/nggallery\/page\/2\" data-pageid=\"2\">&#9658;<\/a><\/div>\t<\/div>\n<\/p>\n","protected":false},"excerpt":{"rendered":"<p>1 2 3 &#9658;<\/p>\n","protected":false},"author":2,"featured_media":1563,"comment_status":"closed","ping_status":"closed","sticky":false,"template":"","format":"image","meta":{"ngg_post_thumbnail":0,"_jetpack_newsletter_access":"","_jetpack_dont_email_post_to_subs":true,"_jetpack_newsletter_tier_id":0,"_jetpack_memberships_contains_paywalled_content":false,"_jetpack_feature_clip_id":0,"_jetpack_memberships_contains_paid_content":false,"footnotes":"","jetpack_publicize_message":"","jetpack_publicize_feature_enabled":true,"jetpack_social_post_already_shared":false,"jetpack_social_options":{"image_generator_settings":{"template":"highway","default_image_id":0,"font":"","enabled":false},"version":2},"jetpack_post_was_ever_published":false},"categories":[16,3,19,17],"tags":[],"class_list":["post-1559","post","type-post","status-publish","format-image","has-post-thumbnail","hentry","category-euroopa","category-reis","category-rootsi","category-soome","post_format-post-format-image","fallback-thumbnail"],"jetpack_publicize_connections":[],"jetpack_sharing_enabled":true,"jetpack_shortlink":"https:\/\/wp.me\/p89WFS-p9","jetpack-related-posts":[],"jetpack_featured_media_url":"https:\/\/i0.wp.com\/www.juhe.ee\/foto\/wp-content\/uploads\/ngg_featured\/051.jpg?fit=1024%2C660&ssl=1","_links":{"self":[{"href":"https:\/\/www.juhe.ee\/foto\/wp-json\/wp\/v2\/posts\/1559","targetHints":{"allow":["GET"]}}],"collection":[{"href":"https:\/\/www.juhe.ee\/foto\/wp-json\/wp\/v2\/posts"}],"about":[{"href":"https:\/\/www.juhe.ee\/foto\/wp-json\/wp\/v2\/types\/post"}],"author":[{"embeddable":true,"href":"https:\/\/www.juhe.ee\/foto\/wp-json\/wp\/v2\/users\/2"}],"replies":[{"embeddable":true,"href":"https:\/\/www.juhe.ee\/foto\/wp-json\/wp\/v2\/comments?post=1559"}],"version-history":[{"count":1,"href":"https:\/\/www.juhe.ee\/foto\/wp-json\/wp\/v2\/posts\/1559\/revisions"}],"predecessor-version":[{"id":1562,"href":"https:\/\/www.juhe.ee\/foto\/wp-json\/wp\/v2\/posts\/1559\/revisions\/1562"}],"wp:featuredmedia":[{"embeddable":true,"href":"https:\/\/www.juhe.ee\/foto\/wp-json\/wp\/v2\/media\/1563"}],"wp:attachment":[{"href":"https:\/\/www.juhe.ee\/foto\/wp-json\/wp\/v2\/media?parent=1559"}],"wp:term":[{"taxonomy":"category","embeddable":true,"href":"https:\/\/www.juhe.ee\/foto\/wp-json\/wp\/v2\/categories?post=1559"},{"taxonomy":"post_tag","embeddable":true,"href":"https:\/\/www.juhe.ee\/foto\/wp-json\/wp\/v2\/tags?post=1559"}],"curies":[{"name":"wp","href":"https:\/\/api.w.org\/{rel}","templated":true}]}}